{"id":75055,"date":"2025-11-07T21:42:07","date_gmt":"2025-11-07T21:42:07","guid":{"rendered":"https:\/\/www.europesays.com\/se\/75055\/"},"modified":"2025-11-07T21:42:07","modified_gmt":"2025-11-07T21:42:07","slug":"brandsta-city-slackers-gor-comeback-i-mello-efter-24-ar","status":"publish","type":"post","link":"https:\/\/www.europesays.com\/se\/75055\/","title":{"rendered":"Brandsta city sl\u00e4ckers g\u00f6r comeback i Mello efter 24 \u00e5r"},"content":{"rendered":"<p>Brandsta city sl\u00e4ckers t\u00e4vlar i n\u00e4sta \u00e5rs Melodifestival, enligt uppgifter till Expressen. Gruppen som best\u00e5r till st\u00f6rsta delen av brandm\u00e4n bildades \u00e5r 1994 och t\u00e4vlade i Melodifestivalen f\u00f6r f\u00f6rsta g\u00e5ngen \u00e5r 2002 med l\u00e5ten \u201dKom och ta mig\u201d. I \u00e5r upptr\u00e4dde bandet som mellanakt inf\u00f6r delt\u00e4vling 2. <\/p>\n<p>Aftonbladet har tidigare rapporterat att \u00e4ven Meira Omar, Saga Ludvigsson, Arwin och Smash into pieces \u00e4r klara f\u00f6r n\u00e4sta \u00e5rs festival. <\/p>\n<p>Omni \u00e4r politiskt obundna och oberoende. Vi str\u00e4var efter att ge fler perspektiv p\u00e5 nyheterna. Har du fr\u00e5gor eller synpunkter kring v\u00e5r rapportering? <a href=\"https:\/\/omni.se\/uppgifter-brandsta-city-slackers-gor-comeback-i-mello-efter-24-ar\/a\/mailto:redaktion@omni.se\" class=\"ArticleActions_contactLink__W2F1M\" rel=\"nofollow noopener\" target=\"_blank\">Kontakta redaktionen<\/a><\/p>\n","protected":false},"excerpt":{"rendered":"Brandsta city sl\u00e4ckers t\u00e4vlar i n\u00e4sta \u00e5rs Melodifestival, enligt uppgifter till Expressen. Gruppen som best\u00e5r till st\u00f6rsta delen&hellip;\n","protected":false},"author":2,"featured_media":75056,"comment_status":"","ping_status":"","sticky":false,"template":"","format":"standard","meta":{"footnotes":""},"categories":[67],"tags":[6686,104,4050,172,34,31,33,32,30,105],"class_list":{"0":"post-75055","1":"post","2":"type-post","3":"status-publish","4":"format-standard","5":"has-post-thumbnail","7":"category-underhallning","8":"tag-brandsta-city-slackers","9":"tag-entertainment","10":"tag-melodifestivalen","11":"tag-musik","12":"tag-se","13":"tag-svenska","14":"tag-sverige","15":"tag-sweden","16":"tag-swedish","17":"tag-underhallning"},"share_on_mastodon":{"url":"https:\/\/pubeurope.com\/@se\/115510597563331979","error":""},"_links":{"self":[{"href":"https:\/\/www.europesays.com\/se\/wp-json\/wp\/v2\/posts\/75055","targetHints":{"allow":["GET"]}}],"collection":[{"href":"https:\/\/www.europesays.com\/se\/wp-json\/wp\/v2\/posts"}],"about":[{"href":"https:\/\/www.europesays.com\/se\/wp-json\/wp\/v2\/types\/post"}],"author":[{"embeddable":true,"href":"https:\/\/www.europesays.com\/se\/wp-json\/wp\/v2\/users\/2"}],"replies":[{"embeddable":true,"href":"https:\/\/www.europesays.com\/se\/wp-json\/wp\/v2\/comments?post=75055"}],"version-history":[{"count":0,"href":"https:\/\/www.europesays.com\/se\/wp-json\/wp\/v2\/posts\/75055\/revisions"}],"wp:featuredmedia":[{"embeddable":true,"href":"https:\/\/www.europesays.com\/se\/wp-json\/wp\/v2\/media\/75056"}],"wp:attachment":[{"href":"https:\/\/www.europesays.com\/se\/wp-json\/wp\/v2\/media?parent=75055"}],"wp:term":[{"taxonomy":"category","embeddable":true,"href":"https:\/\/www.europesays.com\/se\/wp-json\/wp\/v2\/categories?post=75055"},{"taxonomy":"post_tag","embeddable":true,"href":"https:\/\/www.europesays.com\/se\/wp-json\/wp\/v2\/tags?post=75055"}],"curies":[{"name":"wp","href":"https:\/\/api.w.org\/{rel}","templated":true}]}}