{"id":75057,"date":"2025-11-07T21:46:29","date_gmt":"2025-11-07T21:46:29","guid":{"rendered":"https:\/\/www.europesays.com\/se\/75057\/"},"modified":"2025-11-07T21:46:29","modified_gmt":"2025-11-07T21:46:29","slug":"faris-al-abdullah-skulle-spranga-sig-mitt-i-stockholm","status":"publish","type":"post","link":"https:\/\/www.europesays.com\/se\/75057\/","title":{"rendered":"Faris Al Abdullah skulle spr\u00e4nga sig mitt i Stockholm"},"content":{"rendered":"<p>Faris Al Abdullah, 18, svor trohet till IS.<\/p>\n<p>Han f\u00f6rberedde en sj\u00e4lvmordsbomb och spelade in en \u201dmartyrvideo\u201d, enligt misstankarna.<\/p>\n<p>Nu st\u00e5r han \u00e5talad f\u00f6r en rad terrorbrott \u2013 efter att ha lurats av polisens hemliga infiltrat\u00f6r.<\/p>\n<p>\u2013 Martyrskap har varit en viktig ingrediens i tankegodset, s\u00e4ger \u00e5klagare Henrik Ohlin.<\/p>\n<p><img loading=\"lazy\"   alt=\"\"\/><\/p>\n<p>Faris Al Abdullah, 18, svor trohet till IS.<\/p>\n<p>Foto: \u00c5klagarmyndigheten<\/p>\n<p>\u00d6ppna bild i helsk\u00e4rm<img loading=\"lazy\"   alt=\"\"\/><\/p>\n<p>Han \u00e4r sen tidigare d\u00f6md fr\u00e5n korankravallerna i Link\u00f6ping.<\/p>\n<p>\u00d6ppna bild i helsk\u00e4rm<img loading=\"lazy\"   alt=\"\"\/><\/p>\n<p>Nu misst\u00e4nks han planerat ett d\u00e5d mitt i centrala Stockholm.<\/p>\n<p>Foto: Jessica Gow\/TT \/ TT NYHETSBYR\u00c5N<\/p>\n<p>\u00d6ppna bild i helsk\u00e4rmArtikeln i korthet<\/p>\n<p> Faris Al Abdullah, 18 \u00e5r, st\u00e5r nu \u00e5talad f\u00f6r flera terrorrelaterade brott, bland annat f\u00f6rberedelse till terroristbrott.<\/p>\n<p> Enligt \u00e5talet planerade han ett sj\u00e4lvmordsattentat mot Kulturfestivalen i Stockholm i augusti 2025. Han har svurit trohet till IS.<\/p>\n<p> Han greps i februari efter en omfattande undercover-operation av polisen, d\u00e4r en infiltrat\u00f6r vann hans f\u00f6rtroende.<\/p>\n<p>Visa mer<\/p>\n<p>F\u00f6r tre \u00e5r sen deltog Faris Al Abdullah, nu 18 \u00e5r, i korankravallerna i Link\u00f6ping. <a href=\"https:\/\/www.expressen.se\/nyheter\/sverige\/atalas-domd-for-korankravallerna-planerade-terror-i-stockholm\/\" rel=\"nofollow noopener\" target=\"_blank\">Han d\u00f6mdes till sex m\u00e5naders ungdoms\u00f6vervakning<\/a>.<\/p>\n<p>Nu st\u00e5r han \u00e5talad f\u00f6r en rad terrorbrott:<\/p>\n<p> F\u00f6rs\u00f6k eller f\u00f6rberedelse till mord.<\/p>\n<p> Deltagande i terrororganisation.<\/p>\n<p> F\u00f6rberedelse till terroristbrott.<\/p>\n<p> F\u00f6rberedelse till brott mot lagen om brandfarliga och explosiva varor.<\/p>\n<p> Utbildning f\u00f6r terrorism, grovt brott.<\/p>\n<p>Enligt <a href=\"https:\/\/www.expressen.se\/nyheter\/krim\/18-aringen-planerade-sjalvmordsdad-skulle-filma-is-dad\/\" rel=\"nofollow noopener\" target=\"_blank\">polisens utredning planerade Faris Al Abdullah att beg\u00e5 ett sj\u00e4lvmordsattentat <\/a>vid Kulturfestivalen i Kungstr\u00e4dg\u00e5rden i <a href=\"https:\/\/www.expressen.se\/tagg\/location\/stockholm\/\" class=\"\" rel=\"nofollow noopener\" target=\"_blank\">Stockholm<\/a>, i augusti 2025.<\/p>\n<p>\u2013 Det \u00e4r bara att titta p\u00e5 bilderna fr\u00e5n Kulturfestivalen. Det \u00e4r uppenbart att risken f\u00f6r omfattande skada, och flera m\u00e4nniskors liv, funnits, s\u00e4ger vice chefs\u00e5klagare Henrik Olin.<\/p>\n<p>Spelade in martyrvideo<\/p>\n<p>\u201dFaris Al Abdullah har upprepade g\u00e5nger under brottsperioden svurit trohet till Islamiska staten (IS)\u201d, framg\u00e5r vidare i \u00e5talet i Stockholms tingsr\u00e4tt. I januari spelade han in en s\u00e5 kallad \u201dmartyrvideo\u201d, enligt \u00e5klagaren var den \u201dt\u00e4nkt att publiceras i samband med terroristattentat\u201d.<\/p>\n<p>Faris Al Abdullah hann dock avsl\u00f6jas innan d\u00e5det hann beg\u00e5s. I februari i \u00e5r greps han, efter en omfattande under cover-insats av polisen.<\/p>\n<p>Vid en presstr\u00e4ff p\u00e5 torsdagen ber\u00e4ttades att polisen haft en hemlig infiltrat\u00f6r, som kommit mycket n\u00e4ra 18-\u00e5ringen.<\/p>\n<p>\u2013 Den h\u00e4r operationen, med polis som arbetar under t\u00e4ckmantel, har varit v\u00e4ldigt v\u00e4rdefull f\u00f6r att b\u00e5de bed\u00f6ma 18-\u00e5ringens avsikter och f\u00f6r att inh\u00e4mta bevisning mot honom, s\u00e4ger Henrik Olin.<\/p>\n<p>\u2013 Det fanns tydligt en vilja att beg\u00e5 ett attentat med s\u00e5 stor skada i m\u00e4nniskoliv som m\u00f6jligt.<\/p>\n<p>Hemliga polisen lurade 18-\u00e5ringen\u00a0<\/p>\n<p>Polisens infiltrat\u00f6r har bland annat varit med i Kungstr\u00e4dg\u00e5rden f\u00f6r att rekognosera inf\u00f6r det planerade d\u00e5det.<\/p>\n<p>\u2013 I b\u00f6rjan av februari i \u00e5r n\u00e5dde vi en punkt d\u00e4r vi beslutade oss f\u00f6r att g\u00f6ra ett tillslag. Under en rekognoseringsrunda fr\u00e5n den misst\u00e4nkte tillsammans med operat\u00f6ren fr\u00e5n polisen, p\u00e5 plats i Kungst\u00e4rdg\u00e5rden, kunde vi gripa den nu \u00e5talade 18-\u00e5ringen med hj\u00e4lp av nationella insatsstyrkan, s\u00e4ger Olin.<\/p>\n<p>Han understryker vikten av under cover-operationen f\u00f6r att n\u00e5 fram till \u00e5talet. Hans kollega, senior \u00e5klagare Carl Mellberg, s\u00e4ger:<\/p>\n<p>\u2013 Den h\u00e4r operat\u00f6ren agerade under f\u00f6respeglingen att vara en person som ingick i v\u00e5ldsbejakande extremistmilj\u00f6er.<\/p>\n<p>\u2013 De h\u00e4r kontakterna varade i ungef\u00e4r sex veckors tid, fram till det att 18-\u00e5ringen greps den 11 februari.<\/p>\n<p><a href=\"https:\/\/www.expressen.se\/nyheter\/sverige\/atalas-domd-for-korankravallerna-planerade-terror-i-stockholm\/\" rel=\"nofollow noopener\" target=\"_blank\">18-\u00e5ringen st\u00e5r \u00e5talad tillsammans med en 17-\u00e5ring<\/a>. Han \u00e4r i sin tur \u00e5talad f\u00f6r:<\/p>\n<p> Mordf\u00f6rs\u00f6k alternativt f\u00f6rberedelse till mord.<\/p>\n<p> Deltagande i terroristorganisation, grovt brott.<\/p>\n<p><img alt=\"\"\/>Ljudklippet gick inte att spela upp<\/p>\n<p>F\u00f6rs\u00f6k igen senare<\/p>\n","protected":false},"excerpt":{"rendered":"Faris Al Abdullah, 18, svor trohet till IS. Han f\u00f6rberedde en sj\u00e4lvmordsbomb och spelade in en \u201dmartyrvideo\u201d, enligt&hellip;\n","protected":false},"author":2,"featured_media":75058,"comment_status":"","ping_status":"","sticky":false,"template":"","format":"standard","meta":{"footnotes":""},"categories":[12],"tags":[22,23,26,27,17,21,24,25,135,28,29,15,6687,16,18,34,666,31,33,32,30,19,20],"class_list":{"0":"post-75057","1":"post","2":"type-post","3":"status-publish","4":"format-standard","5":"has-post-thumbnail","7":"category-sverige","8":"tag-breaking-news","9":"tag-breakingnews","10":"tag-featured-news","11":"tag-featurednews","12":"tag-headlines","13":"tag-huvudnyheter","14":"tag-latest-news","15":"tag-latestnews","16":"tag-location-stockholm","17":"tag-main-news","18":"tag-mainnews","19":"tag-news","20":"tag-newsstory-terroratalet-mot-faris-al-abdullah","21":"tag-nyheter","22":"tag-rubriker","23":"tag-se","24":"tag-sections-krim","25":"tag-svenska","26":"tag-sverige","27":"tag-sweden","28":"tag-swedish","29":"tag-top-stories","30":"tag-topstories"},"share_on_mastodon":{"url":"https:\/\/pubeurope.com\/@se\/115510613380721906","error":""},"_links":{"self":[{"href":"https:\/\/www.europesays.com\/se\/wp-json\/wp\/v2\/posts\/75057","targetHints":{"allow":["GET"]}}],"collection":[{"href":"https:\/\/www.europesays.com\/se\/wp-json\/wp\/v2\/posts"}],"about":[{"href":"https:\/\/www.europesays.com\/se\/wp-json\/wp\/v2\/types\/post"}],"author":[{"embeddable":true,"href":"https:\/\/www.europesays.com\/se\/wp-json\/wp\/v2\/users\/2"}],"replies":[{"embeddable":true,"href":"https:\/\/www.europesays.com\/se\/wp-json\/wp\/v2\/comments?post=75057"}],"version-history":[{"count":0,"href":"https:\/\/www.europesays.com\/se\/wp-json\/wp\/v2\/posts\/75057\/revisions"}],"wp:featuredmedia":[{"embeddable":true,"href":"https:\/\/www.europesays.com\/se\/wp-json\/wp\/v2\/media\/75058"}],"wp:attachment":[{"href":"https:\/\/www.europesays.com\/se\/wp-json\/wp\/v2\/media?parent=75057"}],"wp:term":[{"taxonomy":"category","embeddable":true,"href":"https:\/\/www.europesays.com\/se\/wp-json\/wp\/v2\/categories?post=75057"},{"taxonomy":"post_tag","embeddable":true,"href":"https:\/\/www.europesays.com\/se\/wp-json\/wp\/v2\/tags?post=75057"}],"curies":[{"name":"wp","href":"https:\/\/api.w.org\/{rel}","templated":true}]}}