{"id":75074,"date":"2025-11-07T22:59:11","date_gmt":"2025-11-07T22:59:11","guid":{"rendered":"https:\/\/www.europesays.com\/se\/75074\/"},"modified":"2025-11-07T22:59:11","modified_gmt":"2025-11-07T22:59:11","slug":"nobelpristagaren-james-watson-ar-dod-2","status":"publish","type":"post","link":"https:\/\/www.europesays.com\/se\/75074\/","title":{"rendered":"Nobelpristagaren James Watson \u00e4r d\u00f6d"},"content":{"rendered":"<p>Watsons bortg\u00e5ng bekr\u00e4ftas av Cold Spring Harbor Laboratory (CSHL) som Watson var knuten till under en stor del av sin karri\u00e4r och d\u00e4r han fram till 2007 ledde forskningsarbetet.<\/p>\n<p>2019 fr\u00e5ntogs Watson dock alla hederstitlar och utm\u00e4rkelser fr\u00e5n CSHL d\u00e5 han i en tv-dokument\u00e4r v\u00e4grat backa fr\u00e5n tidigare uttalanden om att intelligens och hudf\u00e4rg har ett samband och att m\u00e4nniskor i Afrika \u00e4r mindre intelligenta. Tolv \u00e5r tidigare blev han av med sin rektorstitel p\u00e5 universitetet, n\u00e4r han f\u00f6rsta g\u00e5ngen gjorde de kontroversiella uttalandena.<\/p>\n","protected":false},"excerpt":{"rendered":"Watsons bortg\u00e5ng bekr\u00e4ftas av Cold Spring Harbor Laboratory (CSHL) som Watson var knuten till under en stor del&hellip;\n","protected":false},"author":2,"featured_media":75075,"comment_status":"","ping_status":"","sticky":false,"template":"","format":"standard","meta":{"footnotes":""},"categories":[5],"tags":[22,23,26,27,17,21,24,25,28,29,15,16,18,34,31,33,32,30,19,20],"class_list":{"0":"post-75074","1":"post","2":"type-post","3":"status-publish","4":"format-standard","5":"has-post-thumbnail","7":"category-rubriker","8":"tag-breaking-news","9":"tag-breakingnews","10":"tag-featured-news","11":"tag-featurednews","12":"tag-headlines","13":"tag-huvudnyheter","14":"tag-latest-news","15":"tag-latestnews","16":"tag-main-news","17":"tag-mainnews","18":"tag-news","19":"tag-nyheter","20":"tag-rubriker","21":"tag-se","22":"tag-svenska","23":"tag-sverige","24":"tag-sweden","25":"tag-swedish","26":"tag-top-stories","27":"tag-topstories"},"share_on_mastodon":{"url":"https:\/\/pubeurope.com\/@se\/115510900347240308","error":""},"_links":{"self":[{"href":"https:\/\/www.europesays.com\/se\/wp-json\/wp\/v2\/posts\/75074","targetHints":{"allow":["GET"]}}],"collection":[{"href":"https:\/\/www.europesays.com\/se\/wp-json\/wp\/v2\/posts"}],"about":[{"href":"https:\/\/www.europesays.com\/se\/wp-json\/wp\/v2\/types\/post"}],"author":[{"embeddable":true,"href":"https:\/\/www.europesays.com\/se\/wp-json\/wp\/v2\/users\/2"}],"replies":[{"embeddable":true,"href":"https:\/\/www.europesays.com\/se\/wp-json\/wp\/v2\/comments?post=75074"}],"version-history":[{"count":0,"href":"https:\/\/www.europesays.com\/se\/wp-json\/wp\/v2\/posts\/75074\/revisions"}],"wp:featuredmedia":[{"embeddable":true,"href":"https:\/\/www.europesays.com\/se\/wp-json\/wp\/v2\/media\/75075"}],"wp:attachment":[{"href":"https:\/\/www.europesays.com\/se\/wp-json\/wp\/v2\/media?parent=75074"}],"wp:term":[{"taxonomy":"category","embeddable":true,"href":"https:\/\/www.europesays.com\/se\/wp-json\/wp\/v2\/categories?post=75074"},{"taxonomy":"post_tag","embeddable":true,"href":"https:\/\/www.europesays.com\/se\/wp-json\/wp\/v2\/tags?post=75074"}],"curies":[{"name":"wp","href":"https:\/\/api.w.org\/{rel}","templated":true}]}}