{"id":75078,"date":"2025-11-07T23:15:14","date_gmt":"2025-11-07T23:15:14","guid":{"rendered":"https:\/\/www.europesays.com\/se\/75078\/"},"modified":"2025-11-07T23:15:14","modified_gmt":"2025-11-07T23:15:14","slug":"missade-sex-straffar-och-forlorade-sa-onodigt","status":"publish","type":"post","link":"https:\/\/www.europesays.com\/se\/75078\/","title":{"rendered":"Missade sex straffar &#8211; och f\u00f6rlorade: &#8221;S\u00e5 on\u00f6digt&#8221;"},"content":{"rendered":"<p><strong><a href=\"https:\/\/hockeysverige.se\/landslag\/damkronorna\/\" rel=\"nofollow noopener\" target=\"_blank\">Damkronorna<\/a> \u2013 eller Tre Kronor Dam som ishockeyf\u00f6rbundet kallar dem \u2013 f\u00f6ll ikv\u00e4ll mot Schweiz efter straffar. Matchen slutade 2-1 till g\u00e4sterna.<\/strong><br \/><strong>\u2013 Det h\u00e4r k\u00e4nns on\u00f6digt. Sverige \u00e4r s\u00e5 mycket b\u00e4ttre, s\u00e4ger Maria Rooth i SVT.<\/strong><\/p>\n<p>Damkronorna spelar just nu <a href=\"https:\/\/hockeysverige.se\/euro-hockey-tour\/\" rel=\"nofollow noopener\" target=\"_blank\">Lidl Hockey Games<\/a> i \u00c4ngelholm och vann sin premi\u00e4rmatch mot Tjeckien med 4-1. Men ikv\u00e4ll \u00e5kte man p\u00e5 en straff\u00f6rlust n\u00e4r Schweiz stod f\u00f6r motst\u00e5ndet.<\/p>\n<p>Thea Johansson gav Sverige ledningen av den andra perioden. Det var ett m\u00e5l som l\u00e4nge s\u00e5g ut att bli matchens enda. Men Schweiz kvitterade med 3:29 kvar av den tredje perioden. Efter en m\u00e5ll\u00f6s f\u00f6rl\u00e4ngning gick matchen till straffar.<\/p>\n<p>V\u00e4l d\u00e4r f\u00f6rlorade Damkronorna. De missade samtliga sina sex straffar. Schweiz missade f\u00f6ljaktligen sina fem f\u00f6rsta, men satte sin sj\u00e4tte och vann d\u00e4rmed matchen. <\/p>\n<p>\u2013 Det h\u00e4r k\u00e4nns on\u00f6digt. Sverige \u00e4r s\u00e5 mycket b\u00e4ttre. Men man m\u00e5ste st\u00e4nga matcher som de h\u00e4r. De \u00e4r l\u00e5ngt mycket b\u00e4ttre \u00e4n Schweiz men f\u00f6rlorar \u00e4nd\u00e5, s\u00e4ger SVT:s Maria Rooth.<\/p>\n<p>Trots Schweiz seger ligger de bakom Damkronorna i tabellen, eftersom Sverige st\u00e5r p\u00e5 tre po\u00e4ng medan Schweiz f\u00f6ll i sin premi\u00e4r mot Finland och bara st\u00e5r p\u00e5 tv\u00e5.<\/p>\n<p>Sverige m\u00f6ter Finland imorgon eftermiddag. Finland har hittills vunnit b\u00e5da sina matcher och har m\u00e5lskillnaden 6-2. Men skulle Sverige ta tre po\u00e4ng under l\u00f6rdagens match vinner man hemmaturneringen. Det kr\u00e4vs dock seger under ordinarie tid f\u00f6r att s\u00e5 ska bli fallet. Man kan bli sluta vid f\u00f6rlust, men d\u00e5 kr\u00e4vs det att Tjeckien sl\u00e5r Schweiz.<\/p>\n","protected":false},"excerpt":{"rendered":"Damkronorna \u2013 eller Tre Kronor Dam som ishockeyf\u00f6rbundet kallar dem \u2013 f\u00f6ll ikv\u00e4ll mot Schweiz efter straffar. Matchen&hellip;\n","protected":false},"author":2,"featured_media":75079,"comment_status":"","ping_status":"","sticky":false,"template":"","format":"standard","meta":{"footnotes":""},"categories":[5],"tags":[22,23,26,27,17,21,24,25,28,29,15,16,18,34,133,31,33,32,30,19,20],"class_list":{"0":"post-75078","1":"post","2":"type-post","3":"status-publish","4":"format-standard","5":"has-post-thumbnail","7":"category-rubriker","8":"tag-breaking-news","9":"tag-breakingnews","10":"tag-featured-news","11":"tag-featurednews","12":"tag-headlines","13":"tag-huvudnyheter","14":"tag-latest-news","15":"tag-latestnews","16":"tag-main-news","17":"tag-mainnews","18":"tag-news","19":"tag-nyheter","20":"tag-rubriker","21":"tag-se","22":"tag-second-news","23":"tag-svenska","24":"tag-sverige","25":"tag-sweden","26":"tag-swedish","27":"tag-top-stories","28":"tag-topstories"},"share_on_mastodon":{"url":"https:\/\/pubeurope.com\/@se\/115510963309226672","error":""},"_links":{"self":[{"href":"https:\/\/www.europesays.com\/se\/wp-json\/wp\/v2\/posts\/75078","targetHints":{"allow":["GET"]}}],"collection":[{"href":"https:\/\/www.europesays.com\/se\/wp-json\/wp\/v2\/posts"}],"about":[{"href":"https:\/\/www.europesays.com\/se\/wp-json\/wp\/v2\/types\/post"}],"author":[{"embeddable":true,"href":"https:\/\/www.europesays.com\/se\/wp-json\/wp\/v2\/users\/2"}],"replies":[{"embeddable":true,"href":"https:\/\/www.europesays.com\/se\/wp-json\/wp\/v2\/comments?post=75078"}],"version-history":[{"count":0,"href":"https:\/\/www.europesays.com\/se\/wp-json\/wp\/v2\/posts\/75078\/revisions"}],"wp:featuredmedia":[{"embeddable":true,"href":"https:\/\/www.europesays.com\/se\/wp-json\/wp\/v2\/media\/75079"}],"wp:attachment":[{"href":"https:\/\/www.europesays.com\/se\/wp-json\/wp\/v2\/media?parent=75078"}],"wp:term":[{"taxonomy":"category","embeddable":true,"href":"https:\/\/www.europesays.com\/se\/wp-json\/wp\/v2\/categories?post=75078"},{"taxonomy":"post_tag","embeddable":true,"href":"https:\/\/www.europesays.com\/se\/wp-json\/wp\/v2\/tags?post=75078"}],"curies":[{"name":"wp","href":"https:\/\/api.w.org\/{rel}","templated":true}]}}