{"id":75080,"date":"2025-11-07T23:20:17","date_gmt":"2025-11-07T23:20:17","guid":{"rendered":"https:\/\/www.europesays.com\/se\/75080\/"},"modified":"2025-11-07T23:20:17","modified_gmt":"2025-11-07T23:20:17","slug":"usa-ska-kopa-in-minst-en-miljon-dronare","status":"publish","type":"post","link":"https:\/\/www.europesays.com\/se\/75080\/","title":{"rendered":"USA ska k\u00f6pa in minst en miljon dr\u00f6nare"},"content":{"rendered":"<p>Den amerikanska arm\u00e9n planerar att k\u00f6pa minst 1 miljon dr\u00f6nare under de kommande tv\u00e5 till tre \u00e5ren, uppger ministern Daniel Driscoll enligt Reuters. I dagsl\u00e4get upphandlas omkring 50\u202f000 dr\u00f6nare \u00e5rligen. <\/p>\n<p>\u2013 Det \u00e4r ett stort lyft, s\u00e4ger han. <\/p>\n<p>Bakgrunden till upptrappningen \u00e4r betydelsen dr\u00f6nare haft i kriget mellan Ukraina och Ryssland. De b\u00e5da l\u00e4nderna kan enligt Driscoll tillverka 4 miljoner dr\u00f6nare om \u00e5ret. I Kina bed\u00f6ms kapaciteten ligga p\u00e5 ungef\u00e4r det dubbla. <\/p>\n<p>Omni \u00e4r politiskt obundna och oberoende. Vi str\u00e4var efter att ge fler perspektiv p\u00e5 nyheterna. Har du fr\u00e5gor eller synpunkter kring v\u00e5r rapportering? <a href=\"https:\/\/omni.se\/usa-ska-kopa-in-minst-1-miljon-dronare-pa-ett-par-ar\/a\/mailto:redaktion@omni.se\" class=\"ArticleActions_contactLink__W2F1M\" rel=\"nofollow noopener\" target=\"_blank\">Kontakta redaktionen<\/a><\/p>\n","protected":false},"excerpt":{"rendered":"Den amerikanska arm\u00e9n planerar att k\u00f6pa minst 1 miljon dr\u00f6nare under de kommande tv\u00e5 till tre \u00e5ren, uppger&hellip;\n","protected":false},"author":2,"featured_media":75081,"comment_status":"","ping_status":"","sticky":false,"template":"","format":"standard","meta":{"footnotes":""},"categories":[65],"tags":[72,70,71,268,34,31,33,32,30,386,74],"class_list":{"0":"post-75080","1":"post","2":"type-post","3":"status-publish","4":"format-standard","5":"has-post-thumbnail","7":"category-ekonomi","8":"tag-business","9":"tag-economy","10":"tag-ekonomi","11":"tag-nordamerika","12":"tag-se","13":"tag-svenska","14":"tag-sverige","15":"tag-sweden","16":"tag-swedish","17":"tag-trumps-usa","18":"tag-usa"},"share_on_mastodon":{"url":"https:\/\/pubeurope.com\/@se\/115510982917335324","error":""},"_links":{"self":[{"href":"https:\/\/www.europesays.com\/se\/wp-json\/wp\/v2\/posts\/75080","targetHints":{"allow":["GET"]}}],"collection":[{"href":"https:\/\/www.europesays.com\/se\/wp-json\/wp\/v2\/posts"}],"about":[{"href":"https:\/\/www.europesays.com\/se\/wp-json\/wp\/v2\/types\/post"}],"author":[{"embeddable":true,"href":"https:\/\/www.europesays.com\/se\/wp-json\/wp\/v2\/users\/2"}],"replies":[{"embeddable":true,"href":"https:\/\/www.europesays.com\/se\/wp-json\/wp\/v2\/comments?post=75080"}],"version-history":[{"count":0,"href":"https:\/\/www.europesays.com\/se\/wp-json\/wp\/v2\/posts\/75080\/revisions"}],"wp:featuredmedia":[{"embeddable":true,"href":"https:\/\/www.europesays.com\/se\/wp-json\/wp\/v2\/media\/75081"}],"wp:attachment":[{"href":"https:\/\/www.europesays.com\/se\/wp-json\/wp\/v2\/media?parent=75080"}],"wp:term":[{"taxonomy":"category","embeddable":true,"href":"https:\/\/www.europesays.com\/se\/wp-json\/wp\/v2\/categories?post=75080"},{"taxonomy":"post_tag","embeddable":true,"href":"https:\/\/www.europesays.com\/se\/wp-json\/wp\/v2\/tags?post=75080"}],"curies":[{"name":"wp","href":"https:\/\/api.w.org\/{rel}","templated":true}]}}