{"id":75082,"date":"2025-11-07T23:23:25","date_gmt":"2025-11-07T23:23:25","guid":{"rendered":"https:\/\/www.europesays.com\/se\/75082\/"},"modified":"2025-11-07T23:23:25","modified_gmt":"2025-11-07T23:23:25","slug":"stalin-skulle-inte-vara-imponerad-av-putins-snigeloffensiv","status":"publish","type":"post","link":"https:\/\/www.europesays.com\/se\/75082\/","title":{"rendered":"Stalin skulle inte vara imponerad av Putins snigeloffensiv"},"content":{"rendered":"<p>Mats Larsson<\/p>\n<p>Publicerad 7 nov 2025 kl 12.52Uppdaterad kl 18.18<\/p>\n<p>Nyheten kommer nog vilken dag som helst.<\/p>\n<p>Staden Pokrovsk \u00e4r p\u00e5 v\u00e4g att falla i ryssarnas h\u00e4nder.<\/p>\n<p>I s\u00e5 fall en ny ruinseger i Vladimir Putins snigeloffensiv.\u00a0<\/p>\n<p><img   alt=\"\"\/><\/p>\n<p>Ryska soldater \u00f6ppnar eld vid frontlinjen i Pokrovsk.<\/p>\n<p>Foto: SPUTNIK\/PRESS ABACA<\/p>\n<p>\u00d6ppna bild i helsk\u00e4rm<img loading=\"lazy\"   alt=\"\"\/><\/p>\n<p>Rysslands president Vladimir Putin.<\/p>\n<p>Foto: GAVRIIL GRIGOROV \/ AP TT NYHETSBYR\u00c5N<\/p>\n<p>\u00d6ppna bild i helsk\u00e4rm<img loading=\"lazy\"   alt=\"\"\/>\u00d6ppna bild i helsk\u00e4rm<\/p>\n<p>Detta \u00e4r en kommenterande text. Analys och st\u00e4llningstaganden \u00e4r skribentens.<\/p>\n<p><img   alt=\"\"\/>Mats Larsson<\/p>\n<p>Det var tyskarna som under andra v\u00e4rldskriget b\u00f6rjade tala om \u201dBlitzkrieg\u201d f\u00f6r att beskriva sina snabba offensiver och framryckningar. Blixtoffensiv blev \u00e4ven ett ord p\u00e5 svenska.<\/p>\n<p>Det var vad \u00e4ven <a href=\"https:\/\/www.expressen.se\/tagg\/person\/vladimir-putin\/\" class=\"\" rel=\"nofollow noopener\" target=\"_blank\">Vladimir Putin<\/a> r\u00e4knade med n\u00e4r han beordrade invasionen av Ukraina i februari 2022. I st\u00e4llet har han f\u00e5tt ett \u201dulitka-vojna\u201d, ryska f\u00f6r \u201dsnigelkrig\u201d.<\/p>\n<p>Pokrovsk var en g\u00e5ng en stad med 60 000 inv\u00e5nare. Den har varit ett huvudm\u00e5l f\u00f6r den ryska arm\u00e9n \u00e4nda sedan staden Avdijivka er\u00f6vrades i februari 2024, den sista riktiga stad som ryssarna intagit.<\/p>\n<p>Det \u00e4r cirka sex mil landv\u00e4gen mellan de tv\u00e5 st\u00e4derna. Lite kortare \u00e4n mellan Stockholm och Uppsala.\u00a0<\/p>\n<p><strong>Nu 21 m\u00e5nader senare verkar ryssarna slutligen p\u00e5 v\u00e4g att ta kontrollen \u00f6ver Pokrovsk. Eller det som \u00e5terst\u00e5r av staden.<\/strong><\/p>\n<p><strong>Bara cirka 1 300 civila tros finnas kvar. H\u00e4lften av Rysslands dagliga attacker fr\u00e5n luften med s\u00e5 kallade glidbomber fokuserar just nu p\u00e5 Pokrovsk.<\/strong><\/p>\n<p>Ryssarna har ett kraftigt \u00f6vertag vad g\u00e4ller antal soldater. Ukrainas president Volodymyr Zelenskyj uppgav i oktober att det g\u00e5r \u00e5tta ryska soldater p\u00e5 varje ukrainsk.<\/p>\n<p>Ett s\u00e5dant \u00f6vertag borde f\u00f6r l\u00e4nge sedan lett till en seger f\u00f6r den ryska sidan. Men gamla milit\u00e4ra regler g\u00e4ller inte l\u00e4ngre och det \u00e4r fr\u00e4mst dr\u00f6nar-revolutionen som f\u00f6rklarar det.<\/p>\n<p>Men \u00e4r bara s\u00e5 mycket ukrainarna kan g\u00f6ra n\u00e4r den ryska sidan \u00e4r beredd att trots h\u00f6ga f\u00f6rluster, sakta, sakta, utan st\u00f6d av pansar och med sm\u00e5 grupper av infanterisoldater pressa fram\u00e5t.<\/p>\n<p>Ukrainska Deepstate har en app med en detaljerad karta \u00f6ver frontl\u00e4get &#8211; den har kopplingar till den ukrainska milit\u00e4ren &#8211; och den visar hur kritiskt l\u00e4get b\u00f6rjar bli f\u00f6r den ukrainska sidan i Pokrovsk.<\/p>\n<p><img loading=\"lazy\"   alt=\"\"\/><\/p>\n<p>Ukrainas president Volodymyr Zelenskyj m\u00f6tte soldater i n\u00e4rheten av Pokrovsk i veckan.<\/p>\n<p>Foto: UKRAINIAN PRESIDENTIAL PRESS SERVICE HAND \/ EPA<\/p>\n<p>\u00d6ppna bild i helsk\u00e4rm<\/p>\n<p>Dilemmat \u00e4r lite grand detsamma som i Bachmut 2023, en annan stad i Donetsk-regionen som ryssarna er\u00f6vrade efter \u00f6ver ett \u00e5rs l\u00e5ngsam offensiv.<\/p>\n<p>Ukrainarna kan forts\u00e4tta k\u00e4mpa i Pokrovsk, men riskera att bli inringade och d\u00e4rmed f\u00f6rlora viktiga soldater som kommer att beh\u00f6vas f\u00f6r framtida f\u00f6rsvar.<\/p>\n<p>Eller s\u00e5 kan de f\u00f6rs\u00f6ka ta sig ur den inringning som h\u00e5ller p\u00e5 att ske innan det \u00e4r f\u00f6r sent. Att l\u00e4get \u00e4r kritiskt f\u00f6r ukrainarna blev tydligt redan f\u00f6rra veckan n\u00e4r ukrainska specialtrupper s\u00e4ndes in med Black Hawk helikoptrar i utkanten av Pokrovsk.<\/p>\n<p>Pokrovsk \u00e4r en viktig knytpunkt f\u00f6r b\u00e5da v\u00e4gar och j\u00e4rnv\u00e4g, men stadens fall tros inte leda till n\u00e5gon m\u00f6jlighet f\u00f6r den ryska sidan att snabbt bryta igenom fronten. Nya ukrainska f\u00f6rsvarslinjer v\u00e4ntar.<\/p>\n<p><strong>Risken ligger snarare i att Vladimir Putin och Moskva f\u00f6rs\u00f6ker f\u00e5nga Donald Trumps \u00f6ra och anv\u00e4nda Pokrovsk som argument f\u00f6r varf\u00f6r det ukrainska motst\u00e5ndet p\u00e5 sikt inte tj\u00e4nar n\u00e5got till.<\/strong><\/p>\n<p>Annons<\/p>\n<p><strong>Varf\u00f6r inte g\u00e5 med p\u00e5 de ryska kraven f\u00f6r ett fredsavtal och ge upp kontrollen \u00f6ver hela Donetsk-regionen? Det finns onekligen en risk f\u00f6r nya amerikanska p\u00e5tryckningar mot Kiev.<\/strong><\/p>\n<p>Men inget tyder heller p\u00e5 att ryssarna \u00e4r kapabla att \u00f6ka takten i sin snigeloffensiv. F\u00f6r att ta hela Donetsk s\u00e5 m\u00e5ste \u00e4ven de betydligt st\u00f6rre st\u00e4derna Slovjansk och Kramatorsk &#8211; cirka \u00e5tta mil norr om Pokrovsk &#8211; er\u00f6vras.<\/p>\n<p>Putin kommer att se Pokrovsk fall som ett steg p\u00e5 v\u00e4gen. Men sanningen \u00e4r ocks\u00e5 att han hade hoppats p\u00e5 att ta hela Donetsk-regionen redan i \u00e5r.<\/p>\n<p>Det kommer inte att ske. Ukraina h\u00e5ller fortfarande \u00f6ver 20 procent.<\/p>\n<p>Och inget tyder p\u00e5 att ryssarna kommer att kunna rycka fram snabbare efter Pokrovsk fall. Det som skulle beh\u00f6vas \u00e4r ett s\u00e4tt att sl\u00e5 ut ukrainska dr\u00f6nare, s\u00e5 att ryssarna kan utnyttja sitt \u00f6vertag vad g\u00e4ller antal soldater, men \u00e4nnu har inget s\u00e5dant supervapen tagits fram.<\/p>\n<p>Det ukrainarna nu beh\u00f6ver \u00e4r d\u00e5ligt v\u00e4der den kommande tiden, som kan ge skydd vid den retr\u00e4tt som l\u00e4r bli n\u00f6dv\u00e4ndig.<\/p>\n<p>Sedan v\u00e4ntar snart vintern och d\u00e5 brukar \u201dsnigeloffensiven\u201d avstanna \u00e4n mer.<\/p>\n<p><img loading=\"lazy\"   alt=\"\"\/><\/p>\n<p>Sovjetiska soldater hissar den sovjetiska flaggan \u00f6ver ruinerna av riksdagen i Berlin 1945.<\/p>\n<p>Foto: JEVGENIJ CHALDEJ \/ AP TT NYHETSBYR\u00c5N<\/p>\n<p>\u00d6ppna bild i helsk\u00e4rm<\/p>\n<p>Det tog Josef Stalin och Sovjetarm\u00e9n mindre \u00e4n fyra \u00e5r att f\u00f6rst f\u00f6rsvara sig mot Hitlers invasionsarm\u00e9 och sedan g\u00e5 till motoffensiv och till slut er\u00f6vra Berlin under andra v\u00e4rldskriget.<\/p>\n<p>Putin kommer under samma tid inte ens ha klarat av att er\u00f6vra Donetsk-regionen. Det \u00e4r inget att br\u00f6sta sig \u00f6ver.<\/p>\n","protected":false},"excerpt":{"rendered":"Mats Larsson Publicerad 7 nov 2025 kl 12.52Uppdaterad kl 18.18 Nyheten kommer nog vilken dag som helst. Staden&hellip;\n","protected":false},"author":2,"featured_media":75083,"comment_status":"","ping_status":"","sticky":false,"template":"","format":"standard","meta":{"footnotes":""},"categories":[5],"tags":[22,23,26,27,17,21,24,25,274,202,28,29,15,16,203,906,18,34,1492,31,33,32,30,19,60,20],"class_list":{"0":"post-75082","1":"post","2":"type-post","3":"status-publish","4":"format-standard","5":"has-post-thumbnail","7":"category-rubriker","8":"tag-breaking-news","9":"tag-breakingnews","10":"tag-featured-news","11":"tag-featurednews","12":"tag-headlines","13":"tag-huvudnyheter","14":"tag-latest-news","15":"tag-latestnews","16":"tag-location-ryssland","17":"tag-location-ukraina","18":"tag-main-news","19":"tag-mainnews","20":"tag-news","21":"tag-nyheter","22":"tag-person-vladimir-putin","23":"tag-person-volodymyr-zelenskyj","24":"tag-rubriker","25":"tag-se","26":"tag-sections-matslarsson","27":"tag-svenska","28":"tag-sverige","29":"tag-sweden","30":"tag-swedish","31":"tag-top-stories","32":"tag-topic-krig-konflikt","33":"tag-topstories"},"share_on_mastodon":{"url":"https:\/\/pubeurope.com\/@se\/115510994757439175","error":""},"_links":{"self":[{"href":"https:\/\/www.europesays.com\/se\/wp-json\/wp\/v2\/posts\/75082","targetHints":{"allow":["GET"]}}],"collection":[{"href":"https:\/\/www.europesays.com\/se\/wp-json\/wp\/v2\/posts"}],"about":[{"href":"https:\/\/www.europesays.com\/se\/wp-json\/wp\/v2\/types\/post"}],"author":[{"embeddable":true,"href":"https:\/\/www.europesays.com\/se\/wp-json\/wp\/v2\/users\/2"}],"replies":[{"embeddable":true,"href":"https:\/\/www.europesays.com\/se\/wp-json\/wp\/v2\/comments?post=75082"}],"version-history":[{"count":0,"href":"https:\/\/www.europesays.com\/se\/wp-json\/wp\/v2\/posts\/75082\/revisions"}],"wp:featuredmedia":[{"embeddable":true,"href":"https:\/\/www.europesays.com\/se\/wp-json\/wp\/v2\/media\/75083"}],"wp:attachment":[{"href":"https:\/\/www.europesays.com\/se\/wp-json\/wp\/v2\/media?parent=75082"}],"wp:term":[{"taxonomy":"category","embeddable":true,"href":"https:\/\/www.europesays.com\/se\/wp-json\/wp\/v2\/categories?post=75082"},{"taxonomy":"post_tag","embeddable":true,"href":"https:\/\/www.europesays.com\/se\/wp-json\/wp\/v2\/tags?post=75082"}],"curies":[{"name":"wp","href":"https:\/\/api.w.org\/{rel}","templated":true}]}}