{"id":75084,"date":"2025-11-07T23:32:15","date_gmt":"2025-11-07T23:32:15","guid":{"rendered":"https:\/\/www.europesays.com\/se\/75084\/"},"modified":"2025-11-07T23:32:15","modified_gmt":"2025-11-07T23:32:15","slug":"kalldusch-efter-demokraternas-valsucce-finns-ingen","status":"publish","type":"post","link":"https:\/\/www.europesays.com\/se\/75084\/","title":{"rendered":"Kalldusch efter Demokraternas valsucc\u00e9: \u201dFinns ingen\u201d"},"content":{"rendered":"<p>Publicerad 7 nov 2025 kl 23.24<\/p>\n<p>Veckan blev en enorm framg\u00e5ng f\u00f6r Demokraterna i USA.<\/p>\n<p>Men en ny v\u00e4ljarunders\u00f6kning \u00e4r rena kallduschen f\u00f6r partiet.<\/p>\n<p>Den visar att Demokraterna \u201dfortfarande inte har n\u00e5gon ledare\u201d i folks \u00f6gon, skriver <a href=\"https:\/\/www.politico.com\/news\/2025\/11\/07\/poll-leader-democrats-00633577\" rel=\"nofollow noopener\" target=\"_blank\">Politico<\/a>.<\/p>\n<p>Senaste nyhetsklippen fr\u00e5n Expressen.<img   alt=\"\"\/><\/p>\n<p>Kamala Harris var den enda som fick tv\u00e5siffrigt i v\u00e4ljarunders\u00f6kningen.<\/p>\n<p>Foto: JACQUELYN MARTIN \/ AP TT NYHETSBYR\u00c5N<\/p>\n<p>\u00d6ppna bild i helsk\u00e4rm<img loading=\"lazy\"   alt=\"\"\/><\/p>\n<p>Donald Trump.<\/p>\n<p>Foto: &#8211; POOL VIA CNP\/SHUTTERSTOCK \/ SHUTTERSTOCK EDITORIAL\/IBL<\/p>\n<p>\u00d6ppna bild i helsk\u00e4rm<img loading=\"lazy\"   alt=\"\"\/><\/p>\n<p>Barack Obama.<\/p>\n<p>Foto: KYLE MAZZA\/SHUTTERSTOCK \/ SHUTTERSTOCK EDITORIAL\/IBL<\/p>\n<p>\u00d6ppna bild i helsk\u00e4rm<\/p>\n<p><a href=\"https:\/\/www.expressen.se\/tagg\/organization\/demokraterna\/\" class=\"\" rel=\"nofollow noopener\" target=\"_blank\">Demokraterna<\/a> vann guvern\u00f6rsvalen i Virginia och New Jersey i veckan, och i New York valdes den socialistiska muslimen Zohran Mamdani till borgm\u00e4stare. Andra mindre uppm\u00e4rksammade val i Georgia, Pennsylvania och Virginia visade tydliga framg\u00e5ngar f\u00f6r demokraterna.\u00a0<\/p>\n<p>Det \u201dantydde potentialen f\u00f6r att partiet ska kunna \u00e5terta makten\u201d, enligt Politico. Men en ny v\u00e4ljarunders\u00f6kning gjord av sajten och Public First visar att Demokraterna har ett stort och grundl\u00e4ggande problem just nu.<\/p>\n<p>P\u00e5 fr\u00e5gan \u201dvem anser du vara ledare f\u00f6r Demokraterna?\u201d svarade flest (21 procent) \u201dvet inte\u201d. P\u00e5 tredje plats med 10,5 procent kom \u201dingen\u201d.<\/p>\n<p>Bara en person n\u00e5dde tv\u00e5siffrigt. Kamala Harris, som f\u00f6rlorade valet mot Trump f\u00f6rra \u00e5ret, fick 16,1 procent vilket betraktas som \u201dett relativt l\u00e5gt antal med tanke p\u00e5 att hon \u00e4r partiets senaste presidentkandidat\u201d.<\/p>\n<p>\u201dTror inte att det finns n\u00e5gon ledare\u201d<\/p>\n<p>H\u00e4r f\u00f6ljer ett urval av v\u00e4ljarnas svar i unders\u00f6kningen om vem de anser \u00e4r partiets ledare.<\/p>\n<p>\u2013 Ugh, ingen. (26-\u00e5rig vit kvinna i Arizona som r\u00f6stade p\u00e5 Harris)<\/p>\n<p>\u2013 Vet inte vem det \u00e4r nu, det \u00e4r lite av problemet. (50-\u00e5rig vit kvinna i Kalifornien som r\u00f6stade p\u00e5 Harris)<\/p>\n<p>\u2013 Jag tror inte att det finns n\u00e5gon ledare just nu. (49-\u00e5rig vit man i Maryland som r\u00f6stade p\u00e5 Harris)<\/p>\n<p>Demokraterna \u201dhar fortfarande ingen ledare som kan v\u00e4gleda dem ut ur vilsenheten\u201d, enligt Politico.<\/p>\n<p>\u201dJag skulle inte heller kunna s\u00e4ga\u201d<\/p>\n<p>N\u00e4mnv\u00e4rt \u00e4r att Barack Obama som var president fr\u00e5n 2009 till 2017 hamnar p\u00e5 en sj\u00e4tteplats p\u00e5 listan med 7,4 procent, f\u00f6re bland andra Kaliforniens guvern\u00f6r Gavin Newsom. 0,8 procent svarade till och med \u201dDonald Trump\u201d p\u00e5 fr\u00e5gan om vem som leder Demokraterna.<\/p>\n<p>Partiet \u00e4r splittrat \u201dfraktionsm\u00e4ssigt och ideologiskt\u201d, enligt demokratiska strategen Lauren Harper Pope.<\/p>\n<p>\u2013 Jag skulle inte heller kunna s\u00e4ga vem som \u00e4r ledare f\u00f6r Demokraterna, och jag arbetar \u00e4nd\u00e5 inom demokratisk politik, s\u00e4ger Harper Pope.<\/p>\n<p>Lanae Erickson, vice ordf\u00f6rande vid demokratiska tankesmedjan Third Way, sade att \u201ddet k\u00e4ndes som att vi hittade tillbaka till v\u00e5rt fotf\u00e4ste, politiskt sett\u201d i och med veckans framg\u00e5ngar f\u00f6r partiet.<\/p>\n<p>\u2013 Men det har \u00e4nnu inte lett till att folk tydligt ser vem de tycker pekar ut partiets riktning<\/p>\n<p>\u201dStrategi som kommer att vara framg\u00e5ngsrik\u201d<\/p>\n<p>Bland f\u00f6rra \u00e5rets Trump-v\u00e4ljare sade 81 procent att han \u00e4r partiets nuvarande ledare. Endast 6 procent sade att de inte vet vem ledaren \u00e4r och 2 procent sade \u201dingen\u201d. De n\u00e4sta mest n\u00e4mnda namnen efter Trump var talmannen Mike Johnson och vicepresident JD Vance, som fick 3 respektive 2 procent.<\/p>\n<p>En uppenbar f\u00f6rklaring till skillnaden mellan de tv\u00e5 partierna \u00e4r att republikanerna kontrollerar Vita huset och b\u00e5da kamrarna i kongressen.<\/p>\n<p>\u2013 Det h\u00e4r \u00e4r ganska typiskt f\u00f6r ett parti som inte har makten, s\u00e4ger strategen Jared Leopold.<\/p>\n<p>Han anser att partiet just nu \u201dborde vara i ett l\u00e4ge d\u00e4r man l\u00e5ter tusen blommor blomma\u201d.<\/p>\n<p>\u2013 Demokraterna var framg\u00e5ngsrika i veckan som ett brett parti som drev fr\u00e5gor om ekonomisk tillg\u00e4nglighet och mot Donald Trump. Det \u00e4r en tv\u00e5delad strategi som kommer att vara framg\u00e5ngsrik f\u00f6r oss n\u00e4r vi g\u00e5r mot 2028, s\u00e4ger Leopold.<\/p>\n<p><strong>L\u00c4S MER: <\/strong><a href=\"https:\/\/www.expressen.se\/nyheter\/varlden\/tecknen-sa-borjar-trump-tappa-makten\/\" class=\"\" rel=\"nofollow noopener\" target=\"_blank\">Tecknen: S\u00e5 b\u00f6rjar Trump tappa makten<\/a>Anledningen bakom Nancy Pelosis h\u00e5rda ord.<\/p>\n","protected":false},"excerpt":{"rendered":"Publicerad 7 nov 2025 kl 23.24 Veckan blev en enorm framg\u00e5ng f\u00f6r Demokraterna i USA. Men en ny&hellip;\n","protected":false},"author":2,"featured_media":75085,"comment_status":"","ping_status":"","sticky":false,"template":"","format":"standard","meta":{"footnotes":""},"categories":[5],"tags":[22,23,26,27,17,21,24,25,45,28,29,15,16,2112,18,34,55,31,33,32,30,19,204,20],"class_list":{"0":"post-75084","1":"post","2":"type-post","3":"status-publish","4":"format-standard","5":"has-post-thumbnail","7":"category-rubriker","8":"tag-breaking-news","9":"tag-breakingnews","10":"tag-featured-news","11":"tag-featurednews","12":"tag-headlines","13":"tag-huvudnyheter","14":"tag-latest-news","15":"tag-latestnews","16":"tag-location-usa","17":"tag-main-news","18":"tag-mainnews","19":"tag-news","20":"tag-nyheter","21":"tag-organization-demokraterna","22":"tag-rubriker","23":"tag-se","24":"tag-sections-varlden","25":"tag-svenska","26":"tag-sverige","27":"tag-sweden","28":"tag-swedish","29":"tag-top-stories","30":"tag-topic-amerikansk-politik","31":"tag-topstories"},"share_on_mastodon":{"url":"https:\/\/pubeurope.com\/@se\/115511030129077580","error":""},"_links":{"self":[{"href":"https:\/\/www.europesays.com\/se\/wp-json\/wp\/v2\/posts\/75084","targetHints":{"allow":["GET"]}}],"collection":[{"href":"https:\/\/www.europesays.com\/se\/wp-json\/wp\/v2\/posts"}],"about":[{"href":"https:\/\/www.europesays.com\/se\/wp-json\/wp\/v2\/types\/post"}],"author":[{"embeddable":true,"href":"https:\/\/www.europesays.com\/se\/wp-json\/wp\/v2\/users\/2"}],"replies":[{"embeddable":true,"href":"https:\/\/www.europesays.com\/se\/wp-json\/wp\/v2\/comments?post=75084"}],"version-history":[{"count":0,"href":"https:\/\/www.europesays.com\/se\/wp-json\/wp\/v2\/posts\/75084\/revisions"}],"wp:featuredmedia":[{"embeddable":true,"href":"https:\/\/www.europesays.com\/se\/wp-json\/wp\/v2\/media\/75085"}],"wp:attachment":[{"href":"https:\/\/www.europesays.com\/se\/wp-json\/wp\/v2\/media?parent=75084"}],"wp:term":[{"taxonomy":"category","embeddable":true,"href":"https:\/\/www.europesays.com\/se\/wp-json\/wp\/v2\/categories?post=75084"},{"taxonomy":"post_tag","embeddable":true,"href":"https:\/\/www.europesays.com\/se\/wp-json\/wp\/v2\/tags?post=75084"}],"curies":[{"name":"wp","href":"https:\/\/api.w.org\/{rel}","templated":true}]}}