{"id":75088,"date":"2025-11-07T23:48:19","date_gmt":"2025-11-07T23:48:19","guid":{"rendered":"https:\/\/www.europesays.com\/se\/75088\/"},"modified":"2025-11-07T23:48:19","modified_gmt":"2025-11-07T23:48:19","slug":"sociala-medier-forbud-i-danmark-svt-nyheter","status":"publish","type":"post","link":"https:\/\/www.europesays.com\/se\/75088\/","title":{"rendered":"Sociala medier-f\u00f6rbud i Danmark | SVT Nyheter"},"content":{"rendered":"<p>Danmarks regering har beslutat att inf\u00f6ra en \u00e5ldersgr\u00e4ns p\u00e5 15 \u00e5r f\u00f6r sociala medier, meddelar statsminister Mette Frederiksen (S). <\/p>\n<p>Fr\u00e5n 13 \u00e5rs \u00e5lder kan barn f\u00e5 till\u00e5telse att anv\u00e4nda dem av sina f\u00f6r\u00e4ldrar. Detta efter en \u00f6verenskommelse som regeringen ing\u00e5tt med Radikale Venstre och Konservative folkeparti, enligt uppgifter till Danmarks radio. <\/p>\n<p>Flera andra partier l\u00e4mnade f\u00f6rhandlingarna. \u201dMobiltelefoner och sociala medier stj\u00e4l v\u00e5ra barns barndom,\u201d sade Mette Frederiksen n\u00e4r hon h\u00f6ll tal vid folketingets \u00f6ppnande i oktober.<\/p>\n","protected":false},"excerpt":{"rendered":"Danmarks regering har beslutat att inf\u00f6ra en \u00e5ldersgr\u00e4ns p\u00e5 15 \u00e5r f\u00f6r sociala medier, meddelar statsminister Mette Frederiksen&hellip;\n","protected":false},"author":2,"featured_media":793,"comment_status":"","ping_status":"","sticky":false,"template":"","format":"standard","meta":{"footnotes":""},"categories":[5],"tags":[22,23,26,27,17,21,24,25,28,29,15,16,18,34,31,33,32,30,19,20],"class_list":{"0":"post-75088","1":"post","2":"type-post","3":"status-publish","4":"format-standard","5":"has-post-thumbnail","7":"category-rubriker","8":"tag-breaking-news","9":"tag-breakingnews","10":"tag-featured-news","11":"tag-featurednews","12":"tag-headlines","13":"tag-huvudnyheter","14":"tag-latest-news","15":"tag-latestnews","16":"tag-main-news","17":"tag-mainnews","18":"tag-news","19":"tag-nyheter","20":"tag-rubriker","21":"tag-se","22":"tag-svenska","23":"tag-sverige","24":"tag-sweden","25":"tag-swedish","26":"tag-top-stories","27":"tag-topstories"},"share_on_mastodon":{"url":"https:\/\/pubeurope.com\/@se\/115511092996226777","error":""},"_links":{"self":[{"href":"https:\/\/www.europesays.com\/se\/wp-json\/wp\/v2\/posts\/75088","targetHints":{"allow":["GET"]}}],"collection":[{"href":"https:\/\/www.europesays.com\/se\/wp-json\/wp\/v2\/posts"}],"about":[{"href":"https:\/\/www.europesays.com\/se\/wp-json\/wp\/v2\/types\/post"}],"author":[{"embeddable":true,"href":"https:\/\/www.europesays.com\/se\/wp-json\/wp\/v2\/users\/2"}],"replies":[{"embeddable":true,"href":"https:\/\/www.europesays.com\/se\/wp-json\/wp\/v2\/comments?post=75088"}],"version-history":[{"count":0,"href":"https:\/\/www.europesays.com\/se\/wp-json\/wp\/v2\/posts\/75088\/revisions"}],"wp:featuredmedia":[{"embeddable":true,"href":"https:\/\/www.europesays.com\/se\/wp-json\/wp\/v2\/media\/793"}],"wp:attachment":[{"href":"https:\/\/www.europesays.com\/se\/wp-json\/wp\/v2\/media?parent=75088"}],"wp:term":[{"taxonomy":"category","embeddable":true,"href":"https:\/\/www.europesays.com\/se\/wp-json\/wp\/v2\/categories?post=75088"},{"taxonomy":"post_tag","embeddable":true,"href":"https:\/\/www.europesays.com\/se\/wp-json\/wp\/v2\/tags?post=75088"}],"curies":[{"name":"wp","href":"https:\/\/api.w.org\/{rel}","templated":true}]}}