{"id":75093,"date":"2025-11-08T00:12:11","date_gmt":"2025-11-08T00:12:11","guid":{"rendered":"https:\/\/www.europesays.com\/se\/75093\/"},"modified":"2025-11-08T00:12:11","modified_gmt":"2025-11-08T00:12:11","slug":"skrackolycka-pa-flygplats-i-melbourne-man-borjade-brinna","status":"publish","type":"post","link":"https:\/\/www.europesays.com\/se\/75093\/","title":{"rendered":"Skr\u00e4ckolycka p\u00e5 flygplats i Melbourne \u2013 man b\u00f6rjade brinna"},"content":{"rendered":"<p><a data-test-tag=\"internal-link\" href=\"https:\/\/www.aftonbladet.se\/av\/hans-osterman\" class=\"hyperion-css-13ns1rr\" rel=\"nofollow noopener\" target=\"\" aria-label=\"Se alla artiklar av Hans \u00d6sterman\"><img decoding=\"async\" class=\"image-asset hyperion-css-n6kkq1\" data-test-tag=\"image-asset\" src=\"https:\/\/www.europesays.com\/se\/wp-content\/uploads\/2025\/11\/1762560730_328_3a5e20f0-4830-46ba-9df0-3077125d38dd\"  alt=\"\"  loading=\"lazy\" fetchpriority=\"auto\" style=\"aspect-ratio:1900 \/ 1900\"\/><\/a><\/p>\n<p class=\"boxtextgrotesk-root_baa6 hyperion-css-7pajle\">Uppdaterad 00.55 | Publicerad 00.52<\/p>\n<p>share-arrowDela<\/p>\n<p>unsaveSpara<\/p>\n<p>expand-left<\/p>\n<p>helsk\u00e4rm<img decoding=\"async\" class=\"image-asset hyperion-css-u06ts1\" data-test-tag=\"image-asset\" src=\"https:\/\/www.europesays.com\/se\/wp-content\/uploads\/2025\/11\/11bd5f1b-e3f4-4503-a528-63f9097fc4dc\"  alt=\"En powerbank exploderade i en mans ficka p\u00e5 en australisk flygplats.\"  loading=\"eager\" fetchpriority=\"high\" style=\"aspect-ratio:1900 \/ 1176\"\/>En powerbank exploderade i en mans ficka p\u00e5 en australisk flygplats. Foto: Rick Rycroft\/Ap<\/p>\n<p class=\"hyperion-css-1shl3oz\" data-test-tag=\"lead-text\">Mannen b\u00f6rjade brinna p\u00e5 flygplatsen i Melbourne.<\/p>\n<p class=\"hyperion-css-1shl3oz\" data-test-tag=\"lead-text\">Orsaken: Hans powerbank exploderade pl\u00f6tsligt i fickan.<\/p>\n<p class=\"hyperion-css-1shl3oz\" data-test-tag=\"lead-text\">Nu ser flygbolaget \u00f6ver sina regler om batterier.<\/p>\n<p class=\"hyperion-css-1v9qo5x\">Olyckan intr\u00e4ffade p\u00e5 torsdagen i flygbolaget <a data-test-tag=\"internal-link\" href=\"https:\/\/www.aftonbladet.se\/tagg\/qantas\" class=\"hyperion-css-15jkft9\" rel=\"nofollow noopener\" target=\"\" aria-label=\"Qantas\">Qantas<\/a> aff\u00e4rslounge p\u00e5 <a data-test-tag=\"internal-link\" href=\"https:\/\/www.aftonbladet.se\/tagg\/melbourne\" class=\"hyperion-css-15jkft9\" rel=\"nofollow noopener\" target=\"\" aria-label=\"Melbournes\">Melbournes<\/a> internationella flygplats. Mannen, som \u00e4r i 50-\u00e5rs\u00e5ldern, b\u00f6rjade brinna efter att hans powerbank pl\u00f6tsligt exploderat i byxfickan, <a aria-label=\"rapporterar The Independent\" class=\"default hyperion-css-15jkft9\" href=\"https:\/\/www.independent.co.uk\/travel\/news-and-advice\/melbourne-qantas-lounge-power-bank-fire-b2860510.html\" rel=\"noopener nofollow noreferrer\" data-test-tag=\"external-link\" target=\"_blank\">rapporterar The Independent<\/a>.<\/p>\n<p class=\"hyperion-css-1v9qo5x\">\u201dHans jacka b\u00f6rjade brinna. De evakuerade oss p\u00e5 grund av r\u00f6ken och lukten var s\u00e5 stark, men jag hoppas bara att killen \u00e4r okej\u201d, skrev en medresen\u00e4r i sociala medier enligt tidningen.<\/p>\n<p class=\"hyperion-css-1v9qo5x\">Mannen fick br\u00e4nnskador p\u00e5 ena benet och fingrarna. Han f\u00f6rdes till sjukhus med stabilt skadel\u00e4ge.<\/p>\n<p class=\"hyperion-css-1v9qo5x\">Filmproducenten Leanne Tokes, som befann sig i loungen, hyllar personalens insats.<\/p>\n<p class=\"hyperion-css-1v9qo5x\">\u201dKvickt t\u00e4nkande fr\u00e5n mannen som rusade fram f\u00f6r att hj\u00e4lpa och fr\u00e5n personalen som fick in honom i en dusch\u201d, <a aria-label=\"skriver hon p\u00e5 Instagram\" class=\"default hyperion-css-15jkft9\" href=\"https:\/\/www.instagram.com\/p\/DQskVKVErIz\/\" rel=\"noopener nofollow noreferrer\" data-test-tag=\"external-link\" target=\"_blank\">skriver hon p\u00e5 Instagram<\/a>.<\/p>\n<p class=\"hyperion-css-1v9qo5x\">Totalt 150 personer evakuerades ur loungen efter branden. En av dem skrev i sociala medier att de \u201dh\u00f6rde skrik och s\u00e5g batterisyra flyga \u00f6verallt\u201d, <a aria-label=\"uppger Sky News Australia\" class=\"default hyperion-css-15jkft9\" href=\"https:\/\/www.skynews.com.au\/lifestyle\/trending\/acid-flying-everywhere-man-hospistalised-as-lithtium-battery-explodes-in-his-pocket-at-melbourne-aiports-qantas-lounge\/news-story\/f6d45e242673b50157eab9e4c1acfa49\" rel=\"noopener nofollow noreferrer\" data-test-tag=\"external-link\" target=\"_blank\">uppger Sky News Australia<\/a>.<\/p>\n<p>expand-left<\/p>\n<p>helsk\u00e4rm<img decoding=\"async\" class=\"image-asset hyperion-css-u06ts1\" data-test-tag=\"image-asset\" src=\"https:\/\/www.europesays.com\/se\/wp-content\/uploads\/2025\/11\/eb465cd3-fc95-44db-9523-73827d6f3c99\"  alt=\"I ett Instagraminl\u00e4gg hyllar filmproducenten personalens insats. \"  loading=\"eager\" fetchpriority=\"high\" style=\"aspect-ratio:780 \/ 564\"\/>I ett Instagraminl\u00e4gg hyllar filmproducenten personalens insats. Foto: Instagram <\/p>\n<p class=\"hyperion-css-1v9qo5x\">Dramat \u00e4r inte det f\u00f6rsta i sitt lag i flygbranschen. Bara i USA rapporterades f\u00f6rra \u00e5ret 89 incidenter med litiumjonbatterier som \u00f6verhettas, b\u00f6rjar ryka eller fattar eld, <a aria-label=\"skriver New York Times\" class=\"default hyperion-css-15jkft9\" href=\"https:\/\/www.nytimes.com\/2025\/10\/18\/world\/asia\/air-china-flight-lithium-battery-fire.html\" rel=\"noopener nofollow noreferrer\" data-test-tag=\"external-link\" target=\"_blank\">skriver New York Times<\/a>.<\/p>\n<p class=\"hyperion-css-1v9qo5x\">F\u00f6r n\u00e5gra veckor sedan <a data-test-tag=\"internal-link\" href=\"https:\/\/www.aftonbladet.se\/nyheter\/a\/Ey30gj\/flygplan-tvingas-nodlanda-litiumjonbatteri-borjade-brinna\" class=\"hyperion-css-15jkft9\" rel=\"nofollow noopener\" target=\"\" aria-label=\"b\u00f6rjade ett s\u00e5dant batteri brinna i hatthyllan ombord p\u00e5 ett Air China-plan\">b\u00f6rjade ett s\u00e5dant batteri brinna i hatthyllan ombord p\u00e5 ett Air China-plan<\/a>. Det var p\u00e5 v\u00e4g fr\u00e5n Hangzhou i \u00f6stra Kina till Sydkoreas huvudstad Seoul, men fick n\u00f6dlanda i Shanghai.<\/p>\n<p class=\"hyperion-css-1v9qo5x\">Enligt The Independent \u00e4r det generellt till\u00e5tet att powerbanks f\u00f6rvaras i kabinbagaget men best\u00e4mmelserna har b\u00f6rjat stramas \u00e5t. Flera flygbolag kr\u00e4ver att de m\u00e5ste h\u00e5llas inom r\u00e4ckh\u00e5ll och uppsikt under hela flygningen. Emirates <a aria-label=\"f\u00f6rbj\u00f6d nyligen\" class=\"default hyperion-css-15jkft9\" href=\"https:\/\/www.emirates.com\/media-centre\/emirates-makes-changes-to-safety-rules-for-customer-usage-of-power-banks-onboard\/\" rel=\"noopener nofollow noreferrer\" data-test-tag=\"external-link\" target=\"_blank\">f\u00f6rbj\u00f6d nyligen<\/a> att de anv\u00e4nds f\u00f6r laddning ombord.<\/p>\n<p class=\"hyperion-css-1v9qo5x\">Qantas ser just nu \u00f6ver sina regler f\u00f6r litiumbatterier ytterligare och v\u00e4ntas inom kort komma med en uppdatering, <a aria-label=\"skriver BBC\" class=\"default hyperion-css-15jkft9\" href=\"https:\/\/www.bbc.com\/news\/articles\/cg7ne3mkz97o\" rel=\"noopener nofollow noreferrer\" data-test-tag=\"external-link\" target=\"_blank\">skriver BBC<\/a>. <\/p>\n<p class=\"hyperion-css-1v9qo5x\">Batteritypen finns i allt fr\u00e5n b\u00e4rbara datorer och mobiler till vapes och powerbanks. Tidningen Brands\u00e4kert <a aria-label=\"skrev nyligen\" class=\"default hyperion-css-15jkft9\" href=\"https:\/\/www.brandsakert.se\/2025\/10\/16\/batteribrander-pa-flyget-okar\/\" rel=\"noopener nofollow noreferrer\" data-test-tag=\"external-link\" target=\"_blank\">skrev nyligen<\/a> att vapes st\u00e5r f\u00f6r 28 procent av incidenterna. Powerbanks \u00e4r n\u00e4st vanligast med 19 procent.<\/p>\n<p><script async src=\"\/\/www.instagram.com\/embed.js\"><\/script><\/p>\n","protected":false},"excerpt":{"rendered":"Uppdaterad 00.55 | Publicerad 00.52 share-arrowDela unsaveSpara expand-left helsk\u00e4rmEn powerbank exploderade i en mans ficka p\u00e5 en australisk&hellip;\n","protected":false},"author":2,"featured_media":75094,"comment_status":"","ping_status":"","sticky":false,"template":"","format":"standard","meta":{"footnotes":""},"categories":[5],"tags":[22,23,26,27,17,21,24,25,28,29,15,16,18,34,31,33,32,30,19,20],"class_list":{"0":"post-75093","1":"post","2":"type-post","3":"status-publish","4":"format-standard","5":"has-post-thumbnail","7":"category-rubriker","8":"tag-breaking-news","9":"tag-breakingnews","10":"tag-featured-news","11":"tag-featurednews","12":"tag-headlines","13":"tag-huvudnyheter","14":"tag-latest-news","15":"tag-latestnews","16":"tag-main-news","17":"tag-mainnews","18":"tag-news","19":"tag-nyheter","20":"tag-rubriker","21":"tag-se","22":"tag-svenska","23":"tag-sverige","24":"tag-sweden","25":"tag-swedish","26":"tag-top-stories","27":"tag-topstories"},"share_on_mastodon":{"url":"https:\/\/pubeurope.com\/@se\/115511187551951425","error":""},"_links":{"self":[{"href":"https:\/\/www.europesays.com\/se\/wp-json\/wp\/v2\/posts\/75093","targetHints":{"allow":["GET"]}}],"collection":[{"href":"https:\/\/www.europesays.com\/se\/wp-json\/wp\/v2\/posts"}],"about":[{"href":"https:\/\/www.europesays.com\/se\/wp-json\/wp\/v2\/types\/post"}],"author":[{"embeddable":true,"href":"https:\/\/www.europesays.com\/se\/wp-json\/wp\/v2\/users\/2"}],"replies":[{"embeddable":true,"href":"https:\/\/www.europesays.com\/se\/wp-json\/wp\/v2\/comments?post=75093"}],"version-history":[{"count":0,"href":"https:\/\/www.europesays.com\/se\/wp-json\/wp\/v2\/posts\/75093\/revisions"}],"wp:featuredmedia":[{"embeddable":true,"href":"https:\/\/www.europesays.com\/se\/wp-json\/wp\/v2\/media\/75094"}],"wp:attachment":[{"href":"https:\/\/www.europesays.com\/se\/wp-json\/wp\/v2\/media?parent=75093"}],"wp:term":[{"taxonomy":"category","embeddable":true,"href":"https:\/\/www.europesays.com\/se\/wp-json\/wp\/v2\/categories?post=75093"},{"taxonomy":"post_tag","embeddable":true,"href":"https:\/\/www.europesays.com\/se\/wp-json\/wp\/v2\/tags?post=75093"}],"curies":[{"name":"wp","href":"https:\/\/api.w.org\/{rel}","templated":true}]}}