{"id":75095,"date":"2025-11-08T00:20:23","date_gmt":"2025-11-08T00:20:23","guid":{"rendered":"https:\/\/www.europesays.com\/se\/75095\/"},"modified":"2025-11-08T00:20:23","modified_gmt":"2025-11-08T00:20:23","slug":"sexaringen-fanny-hittade-kilovis-med-narkotika","status":"publish","type":"post","link":"https:\/\/www.europesays.com\/se\/75095\/","title":{"rendered":"Sex\u00e5ringen Fanny hittade kilovis med narkotika"},"content":{"rendered":"<p><a data-test-tag=\"internal-link\" href=\"https:\/\/www.aftonbladet.se\/av\/nelly-kronstrand\" class=\"hyperion-css-13ns1rr\" rel=\"nofollow noopener\" target=\"\" aria-label=\"Se alla artiklar av Nelly Kronstrand\"><img decoding=\"async\" class=\"image-asset hyperion-css-n6kkq1\" data-test-tag=\"image-asset\" src=\"https:\/\/www.europesays.com\/se\/wp-content\/uploads\/2025\/11\/1762561223_490_c6303424-a7ea-4fb2-bd57-9a7a19eb40f3\"  alt=\"\"  loading=\"lazy\" fetchpriority=\"auto\" style=\"aspect-ratio:1900 \/ 1900\"\/><\/a><\/p>\n<p class=\"boxtextgrotesk-root_baa6 hyperion-css-7pajle\">Publicerad 2025-11-07 17.44<\/p>\n<p>share-arrowDela<\/p>\n<p>unsaveSpara<\/p>\n<p>expand-left<\/p>\n<p>helsk\u00e4rm<img decoding=\"async\" class=\"image-asset hyperion-css-u06ts1\" data-test-tag=\"image-asset\" src=\"https:\/\/www.europesays.com\/se\/wp-content\/uploads\/2025\/11\/fc3d34ee-bae0-4fec-8c71-708ccdab33b1\"  alt=\"Labrador retrievern Fanny \u00e4r en rackare p\u00e5 att hitta narkotika.\"  loading=\"eager\" fetchpriority=\"high\" style=\"aspect-ratio:1900 \/ 1425\"\/>Labrador retrievern Fanny \u00e4r en rackare p\u00e5 att hitta narkotika. Foto: Andr\u00e9 De Loisted\/TT<\/p>\n<p class=\"hyperion-css-1shl3oz\" data-test-tag=\"lead-text\">Fanny, 6, har jobbat i drygt tre \u00e5r. <\/p>\n<p class=\"hyperion-css-1shl3oz\" data-test-tag=\"lead-text\">Nu prisas hon med en ny hunds\u00e4ng och diplom \u2013 som \u00c5rets narkotikas\u00f6khund 2025. <\/p>\n<p class=\"hyperion-css-1shl3oz\" data-test-tag=\"lead-text\">\u2013 Det \u00e4r v\u00e4ldigt \u00e4rofyllt, s\u00e4ger f\u00f6raren Jonathan Malmqvist. <\/p>\n<p class=\"hyperion-css-1v9qo5x\">Varje \u00e5r delas priset ut av <a data-test-tag=\"internal-link\" href=\"https:\/\/www.aftonbladet.se\/tagg\/tullverket\" class=\"hyperion-css-15jkft9\" rel=\"nofollow noopener\" target=\"\" aria-label=\"Tullverket\">Tullverket<\/a> och Svenska kennelklubben. <\/p>\n<p class=\"hyperion-css-1v9qo5x\">2025 \u00e5rs vinnare \u00e4r labrador retrievern Fanny, 6.<\/p>\n<p class=\"hyperion-css-1v9qo5x\">Hon har tidigare varit nominerad i kategorin tre \u00e5r i rad. Men f\u00f6rst nu kammade Fanny hem titeln \u2013 tillsammans med sin hundf\u00f6rare Jonathan Malmqvist.<\/p>\n<p class=\"hyperion-css-1v9qo5x\">Under det senaste \u00e5ret har duon genomf\u00f6rt 229 beslag till ett uppskattat v\u00e4rde av omkring 200 miljoner kronor. <\/p>\n<p class=\"hyperion-css-1v9qo5x\">\u2013 Det \u00e4r j\u00e4tteroligt och v\u00e4ldigt \u00e4rofyllt att f\u00e5 den h\u00e4r utm\u00e4rkelsen. Det blir \u00e4ven ett kvitto p\u00e5 att man har gjort n\u00e5got r\u00e4tt med sin hund under de h\u00e4r \u00e5ren som vi jobbat ihop, s\u00e4ger Jonathan Malmqvist i ett pressmeddelande. <\/p>\n<p>Utbildades i tio m\u00e5nader   <\/p>\n<p class=\"hyperion-css-1v9qo5x\">Fannys tid p\u00e5 Tullverket inleddes med tio m\u00e5naders tr\u00e4ning. Innan dess \u00e4gdes hon av en privatperson, som valde att omplacera henne. <\/p>\n<p class=\"hyperion-css-1v9qo5x\">F\u00f6rst vid tv\u00e5 \u00e5rs \u00e5lder b\u00f6rjade Fanny jobba med parh\u00e4sten Jonathan Malmqvist. D\u00e4r fortsatte de utbildningen tillsammans. <\/p>\n<p class=\"hyperion-css-1v9qo5x\">Fanny beskrivs som en \u201dsocialt trygg hund med tydlig arbetsvilja\u201d. I juryns motivering lyfter de fram hennes och Jonathan Malmqvists arbete p\u00e5 t\u00e5g och bussar. <\/p>\n<p class=\"hyperion-css-1v9qo5x\">\u2013 Fanny \u00e4r en fram\u00e5t hund som \u00e4r or\u00e4dd och gillar m\u00e4nniskor s\u00e5 hon trivdes med att jobba d\u00e4r. D\u00e5 valde jag att l\u00e4gga extra krut p\u00e5 att tr\u00e4na henne i den milj\u00f6n, s\u00e4ger Jonathan Malmqvist.<\/p>\n<p>chevron-leftf\u00f6reg\u00e5ende<\/p>\n<ul class=\"carousel-container-viewport\" style=\"transform:translate3d(0%, 0, 0)\">\n<li class=\"carousel-slide\" style=\"z-index:1;filter:none(1);padding-bottom:75%\"><img decoding=\"async\" class=\"image-asset hyperion-css-u06ts1\" data-test-tag=\"image-asset\" src=\"https:\/\/www.europesays.com\/se\/wp-content\/uploads\/2025\/11\/b9293388-60a3-41f5-b45b-ebe53f787a2e\"  alt=\"\"  fetchpriority=\"auto\" style=\"aspect-ratio:1900 \/ 1425\"\/><\/li>\n<li class=\"carousel-slide\" style=\"filter:none(0.3);padding-bottom:75%\"><img decoding=\"async\" class=\"image-asset hyperion-css-u06ts1\" data-test-tag=\"image-asset\" src=\"https:\/\/www.europesays.com\/se\/wp-content\/uploads\/2025\/11\/ec02eb73-d05b-4bb5-91a6-d5f4d1941edc\"  alt=\"\"  fetchpriority=\"auto\" style=\"aspect-ratio:1900 \/ 1232\"\/><\/li>\n<\/ul>\n<p>expand-left<\/p>\n<p>helsk\u00e4rmchevron-rightn\u00e4staI denna lastbil hittade Fanny hundratals kilo narkotika.<\/p>\n<p>1 \/ 2<\/p>\n<p>F\u00e5r resestipendium  <\/p>\n<p class=\"hyperion-css-1v9qo5x\">Ett exempel som lyfts fram \u00e4r n\u00e4r Fanny genoms\u00f6kte en lastbil vid \u00d6resundsbron och hittade n\u00e4stan 238 kilo cannabis och n\u00e4rmare 6 kilo heroin. <\/p>\n<p class=\"hyperion-css-1v9qo5x\">Fanny kommer att tilldelas en rosett och ett diplom, en ny hunds\u00e4ng och foder under Stockholm hundm\u00e4ssa i december.<\/p>\n<p class=\"hyperion-css-1v9qo5x\">Men inte g\u00e5r Jonathan Malmqvist hem tomh\u00e4nt. F\u00f6raren tilldelas ett resestipendium p\u00e5 ett v\u00e4rde av 20 000 kronor.<\/p>\n<p>FAKTAJuryns motivering <\/p>\n<p class=\"hyperion-css-jonaf8\">\u00c5rets narkotikas\u00f6khund har delats ut sedan 1993. <\/p>\n<p class=\"hyperion-css-jonaf8\">Motiveringen f\u00f6r \u00e5r 2025 lyder: <\/p>\n<p class=\"hyperion-css-jonaf8\">\u201d\u00c5rets narkotikas\u00f6khund 2025 \u00e4r den sex\u00e5riga labrador retrievern Fanny och hundf\u00f6raren Jonathan Malmqvist, som tj\u00e4nstg\u00f6r i kontrollgrupp i Malm\u00f6. <\/p>\n<p class=\"hyperion-css-jonaf8\">Fanny och Jonathan f\u00e5r utm\u00e4rkelsen f\u00f6r sitt stabila och framg\u00e5ngsrika samarbete. Med stor entusiasm bidrar de till beslag av olika preparat i flera olika fl\u00f6den. <\/p>\n<p class=\"hyperion-css-jonaf8\">Bredden visar p\u00e5 kunnandet och arbetsviljan hos de b\u00e5da. Under perioden har ekipaget bidragit till \u00f6ver tv\u00e5hundra beslag och en betydande samh\u00e4llsnytta. <\/p>\n<p class=\"hyperion-css-jonaf8\">S\u00e4rskild uppm\u00e4rksamhet v\u00e4ckte de n\u00e4r Fanny markerade p\u00e5 en pall p\u00e5 en lastbil. P\u00e5 pallen fanns \u00f6ver tv\u00e5hundratrettio kilo cannabis och n\u00e4stan sex kilo heroin. Fanny \u00e4r en or\u00e4dd och socialt trygg hund som Jonathan skickligt utvecklat. <\/p>\n<p class=\"hyperion-css-jonaf8\">Ekipaget \u00e4r speciellt effektiva i kontroller av resande med t\u00e5g och buss. Ekipaget har levererat p\u00e5 h\u00f6g niv\u00e5 under en l\u00e4ngre tid och har nominerats till utm\u00e4rkelsen tv\u00e5 g\u00e5nger tidigare. Det blev tredje g\u00e5ngen gillt\u201d. <\/p>\n<p>L\u00e4s mer<\/p>\n","protected":false},"excerpt":{"rendered":"Publicerad 2025-11-07 17.44 share-arrowDela unsaveSpara expand-left helsk\u00e4rmLabrador retrievern Fanny \u00e4r en rackare p\u00e5 att hitta narkotika. Foto: Andr\u00e9&hellip;\n","protected":false},"author":2,"featured_media":75096,"comment_status":"","ping_status":"","sticky":false,"template":"","format":"standard","meta":{"footnotes":""},"categories":[5],"tags":[22,23,26,27,17,21,24,25,28,29,15,16,18,34,31,33,32,30,19,20],"class_list":{"0":"post-75095","1":"post","2":"type-post","3":"status-publish","4":"format-standard","5":"has-post-thumbnail","7":"category-rubriker","8":"tag-breaking-news","9":"tag-breakingnews","10":"tag-featured-news","11":"tag-featurednews","12":"tag-headlines","13":"tag-huvudnyheter","14":"tag-latest-news","15":"tag-latestnews","16":"tag-main-news","17":"tag-mainnews","18":"tag-news","19":"tag-nyheter","20":"tag-rubriker","21":"tag-se","22":"tag-svenska","23":"tag-sverige","24":"tag-sweden","25":"tag-swedish","26":"tag-top-stories","27":"tag-topstories"},"share_on_mastodon":{"url":"https:\/\/pubeurope.com\/@se\/115511219014183103","error":""},"_links":{"self":[{"href":"https:\/\/www.europesays.com\/se\/wp-json\/wp\/v2\/posts\/75095","targetHints":{"allow":["GET"]}}],"collection":[{"href":"https:\/\/www.europesays.com\/se\/wp-json\/wp\/v2\/posts"}],"about":[{"href":"https:\/\/www.europesays.com\/se\/wp-json\/wp\/v2\/types\/post"}],"author":[{"embeddable":true,"href":"https:\/\/www.europesays.com\/se\/wp-json\/wp\/v2\/users\/2"}],"replies":[{"embeddable":true,"href":"https:\/\/www.europesays.com\/se\/wp-json\/wp\/v2\/comments?post=75095"}],"version-history":[{"count":0,"href":"https:\/\/www.europesays.com\/se\/wp-json\/wp\/v2\/posts\/75095\/revisions"}],"wp:featuredmedia":[{"embeddable":true,"href":"https:\/\/www.europesays.com\/se\/wp-json\/wp\/v2\/media\/75096"}],"wp:attachment":[{"href":"https:\/\/www.europesays.com\/se\/wp-json\/wp\/v2\/media?parent=75095"}],"wp:term":[{"taxonomy":"category","embeddable":true,"href":"https:\/\/www.europesays.com\/se\/wp-json\/wp\/v2\/categories?post=75095"},{"taxonomy":"post_tag","embeddable":true,"href":"https:\/\/www.europesays.com\/se\/wp-json\/wp\/v2\/tags?post=75095"}],"curies":[{"name":"wp","href":"https:\/\/api.w.org\/{rel}","templated":true}]}}