{"id":75097,"date":"2025-11-08T00:28:21","date_gmt":"2025-11-08T00:28:21","guid":{"rendered":"https:\/\/www.europesays.com\/se\/75097\/"},"modified":"2025-11-08T00:28:21","modified_gmt":"2025-11-08T00:28:21","slug":"daniel-kindberg-aker-till-ukraina-efter-fangelsedomen","status":"publish","type":"post","link":"https:\/\/www.europesays.com\/se\/75097\/","title":{"rendered":"Daniel Kindberg \u00e5ker till Ukraina \u2013\u00a0efter f\u00e4ngelsedomen"},"content":{"rendered":"<p>Publicerad 7 nov 2025 kl 13.56Uppdaterad kl 16.18<\/p>\n<p>Daniel Kindberg d\u00f6ms till f\u00e4ngelse i ett \u00e5r och \u00e5tta m\u00e5nader.<\/p>\n<p>Nu \u00e5ker han tillbaka till Ukraina.<\/p>\n<p>Om han inte \u00f6verklagar domen vill han avtj\u00e4na sitt straff s\u00e5 tidigt som m\u00f6jligt.<\/p>\n<p>\u2013 Det \u00e4r inte mig det \u00e4r v\u00e4rst f\u00f6r, s\u00e4ger han.<\/p>\n<p><img   alt=\"\"\/> <\/p>\n<p>Foto: Mats Andersson\/TT \/ TT NYHETSBYR\u00c5N<\/p>\n<p>\u00d6ppna bild i helsk\u00e4rm<img loading=\"lazy\"   alt=\"\"\/> <\/p>\n<p>Foto: JONAS EKSTR\u00d6MER \/ TT NYHETSBYR\u00c5N<\/p>\n<p>\u00d6ppna bild i helsk\u00e4rm<\/p>\n<p>\u00d6stersunds FK:s tidigare ordf\u00f6rande, som bland annat var den som plockade nytilltr\u00e4dde f\u00f6rbundskaptenen Graham Potter till Sverige, d\u00f6mdes 2022 till ett l\u00e4ngre f\u00e4ngelsestraff f\u00f6r mutbrott.<\/p>\n<p>Detta efter h\u00e4rvan kring det kommunala bostadsf\u00f6retaget \u00d6stersundshem, d\u00e4r Kindberg var vd.<\/p>\n<p>Sen \u00f6verklagade han tingsr\u00e4ttens dom.<\/p>\n<p>Nu meddelar hovr\u00e4tten att straffet s\u00e4nks till ett \u00e5r och \u00e5tta m\u00e5nader. Men faktum kvarst\u00e5r: Kindberg d\u00f6ms till f\u00e4ngelse f\u00f6r grovt tagande av muta.<\/p>\n<p>\u2013 Det \u00e4r en v\u00e4ldigt stor besvikelse, naturligtvis. \u00c4ven om vi blev friade p\u00e5 vissa \u00e5talspunkter s\u00e5 kvarstod ju \u00e4nd\u00e5 att jag blev d\u00f6md f\u00f6r ett mutbrott mot mitt nekande, s\u00e4ger han.<\/p>\n<p>\u2013 S\u00e5 jag \u00e4r v\u00e4ldigt, v\u00e4ldigt besviken och ledsen.<\/p>\n<p><strong>Kommer du \u00f6verklaga igen?<\/strong><\/p>\n<p>\u2013 Jag har levt i den h\u00e4r processen i sju och ett halvt \u00e5r och jag hade velat ha ett positivt avslut. Nu m\u00e5ste vi analysera domen och det \u00e4r n\u00e5gra delar som jag studsar till p\u00e5. Vi m\u00e5ste kunna f\u00f6rst\u00e5 vad hovr\u00e4tten gjort egentligen, det finns n\u00e5gra saker som \u00e4r v\u00e4ldigt m\u00e4rkliga.<\/p>\n<p>\u00c5ker tillbaka till Ukraina<\/p>\n<p><strong>Vad t\u00e4nker du p\u00e5 d\u00e5?<\/strong><\/p>\n<p>\u2013 Egentligen \u00e4r det bara en \u00e5talspunkt jag f\u00e4lls f\u00f6r och det \u00e4r tagande av muta. Det \u00e4r en s\u00e5n enorm besvikelse och vi m\u00e5ste analysera det v\u00e4ldigt djupt f\u00f6r att kunna f\u00f6rst\u00e5 och acceptera p\u00e5 r\u00e4tt s\u00e4tt. G\u00f6r vi inte det s\u00e5 f\u00e5r vi \u00f6verklaga.\u00a0<\/p>\n<p>N\u00e4r ett f\u00e4ngelsestraff kan bli aktuellt vet han inte.<\/p>\n<p>\u2013 Jag har ingen aning. F\u00f6rst m\u00e5ste domen vinna laga kraft. D\u00e4refter \u00e4r det v\u00e4l Kriminalv\u00e5rden som best\u00e4mmer hur det g\u00f6rs, jag har ingen erfarenhet av det d\u00e4r.\u00a0<\/p>\n<p><strong>Hur t\u00e4nker du kring att sitta i f\u00e4ngelse?<\/strong><\/p>\n<p>\u2013 Solen g\u00e5r upp i morgon ocks\u00e5. Det \u00e4r inte f\u00f6r mig det \u00e4r som v\u00e4rst, utan f\u00f6r mina n\u00e4ra och k\u00e4ra. Tanken p\u00e5 att vara borta fr\u00e5n dem \u00e4r naturligtvis det jobbigaste. Sen m\u00e5ste vi alla samh\u00e4llsmedborgare acceptera, \u00e4ven om det i just det h\u00e4r fallet \u00e4r emot mitt nekande, att hovr\u00e4tten sagt s\u00e5 h\u00e4r. D\u00e5 f\u00e5r man acceptera det oavsett hur fel jag tycker att det \u00e4r.<\/p>\n<p><strong>Om du inte \u00f6verklagar.<\/strong><\/p>\n<p>\u2013 Precis. Det \u00e5terst\u00e5r ju att se.<\/p>\n<p>Under \u00e5ret har Daniel Kindberg, som har milit\u00e4r bakgrund, varit i <a href=\"https:\/\/www.expressen.se\/sport\/fotboll\/allsvenskan\/daniel-kindberg-flyttade-till-ukraina-holl-allt-hemligt\/\" rel=\"nofollow noopener\" target=\"_blank\">Ukraina och jobbat f\u00f6r den ukrainska arm\u00e9n<\/a> i kriget mot Ryssland.<\/p>\n<p><strong>Hur p\u00e5verkas ditt arbete d\u00e4r?<\/strong><\/p>\n<p>\u2013 Jag kommer \u00e5ka tillbaka till Ukraina och forts\u00e4tta mitt arbete. Sen f\u00e5r jag ta upp resonemanget med dem och jag har jag ju \u00e4ven mina grejer d\u00e4r. Ska jag till Sverige och avtj\u00e4na ett f\u00e4ngelsestraff s\u00e5 m\u00e5ste jag ju avsluta det jag har d\u00e4r.<\/p>\n<p><strong>Det \u00e4r inget ni har diskuterat tidigare?<\/strong><\/p>\n<p>\u2013 Nej. Om domen vinner laga kraft s\u00e5 m\u00e5ste jag ju avtj\u00e4na ett f\u00e4ngelsestraff i Sverige. Och om domen vinner laga kraft s\u00e5 vill jag avtj\u00e4na det straffet s\u00e5 tidigt som m\u00f6jligt s\u00e5 att jag kan \u00e5teruppta mitt liv.<\/p>\n<p><img alt=\"\"\/>Ljudklippet gick inte att spela upp<\/p>\n<p>F\u00f6rs\u00f6k igen senare<\/p>\n","protected":false},"excerpt":{"rendered":"Publicerad 7 nov 2025 kl 13.56Uppdaterad kl 16.18 Daniel Kindberg d\u00f6ms till f\u00e4ngelse i ett \u00e5r och \u00e5tta&hellip;\n","protected":false},"author":2,"featured_media":75098,"comment_status":"","ping_status":"","sticky":false,"template":"","format":"standard","meta":{"footnotes":""},"categories":[5],"tags":[22,23,26,27,17,21,24,25,28,29,15,16,18,34,130,129,31,33,32,30,19,20],"class_list":{"0":"post-75097","1":"post","2":"type-post","3":"status-publish","4":"format-standard","5":"has-post-thumbnail","7":"category-rubriker","8":"tag-breaking-news","9":"tag-breakingnews","10":"tag-featured-news","11":"tag-featurednews","12":"tag-headlines","13":"tag-huvudnyheter","14":"tag-latest-news","15":"tag-latestnews","16":"tag-main-news","17":"tag-mainnews","18":"tag-news","19":"tag-nyheter","20":"tag-rubriker","21":"tag-se","22":"tag-sections-allsvenskan","23":"tag-sections-fotboll","24":"tag-svenska","25":"tag-sverige","26":"tag-sweden","27":"tag-swedish","28":"tag-top-stories","29":"tag-topstories"},"share_on_mastodon":{"url":"https:\/\/pubeurope.com\/@se\/115511250354073599","error":""},"_links":{"self":[{"href":"https:\/\/www.europesays.com\/se\/wp-json\/wp\/v2\/posts\/75097","targetHints":{"allow":["GET"]}}],"collection":[{"href":"https:\/\/www.europesays.com\/se\/wp-json\/wp\/v2\/posts"}],"about":[{"href":"https:\/\/www.europesays.com\/se\/wp-json\/wp\/v2\/types\/post"}],"author":[{"embeddable":true,"href":"https:\/\/www.europesays.com\/se\/wp-json\/wp\/v2\/users\/2"}],"replies":[{"embeddable":true,"href":"https:\/\/www.europesays.com\/se\/wp-json\/wp\/v2\/comments?post=75097"}],"version-history":[{"count":0,"href":"https:\/\/www.europesays.com\/se\/wp-json\/wp\/v2\/posts\/75097\/revisions"}],"wp:featuredmedia":[{"embeddable":true,"href":"https:\/\/www.europesays.com\/se\/wp-json\/wp\/v2\/media\/75098"}],"wp:attachment":[{"href":"https:\/\/www.europesays.com\/se\/wp-json\/wp\/v2\/media?parent=75097"}],"wp:term":[{"taxonomy":"category","embeddable":true,"href":"https:\/\/www.europesays.com\/se\/wp-json\/wp\/v2\/categories?post=75097"},{"taxonomy":"post_tag","embeddable":true,"href":"https:\/\/www.europesays.com\/se\/wp-json\/wp\/v2\/tags?post=75097"}],"curies":[{"name":"wp","href":"https:\/\/api.w.org\/{rel}","templated":true}]}}