{"id":75126,"date":"2025-11-08T02:40:18","date_gmt":"2025-11-08T02:40:18","guid":{"rendered":"https:\/\/www.europesays.com\/se\/75126\/"},"modified":"2025-11-08T02:40:18","modified_gmt":"2025-11-08T02:40:18","slug":"urstark-julhandel-spas-spranger-100-miljardersvall","status":"publish","type":"post","link":"https:\/\/www.europesays.com\/se\/75126\/","title":{"rendered":"Urstark julhandel sp\u00e5s: Spr\u00e4nger 100 miljardersvall"},"content":{"rendered":"<p>Efter flera \u00e5r av pressade hush\u00e5ll och konsumenter ser det ekonomiskt ljusare ut inf\u00f6r \u00e5rets julhandel. Det skriver branschorganisationen Svensk Handels HUI Research i sin julhandelsrapport f\u00f6r 2025. <\/p>\n<p>J\u00e4mf\u00f6rt med i\u202ffjol sp\u00e5s julhandeln \u00f6ka med 5 procent och f\u00f6r f\u00f6rsta g\u00e5ngen n\u00e5gonsin passera 100 miljarder kronor. Handeln sker i en tid av ekonomisk \u00e5terh\u00e4mtning, d\u00e4r l\u00e4gre r\u00e4ntor och inflation i kombination med en st\u00e4rkt framtidstro fr\u00e5n regeringens h\u00f6stbudget gjort att konsumtionen tros stimuleras redan till jul. <\/p>\n<p>\u2013 F\u00f6r f\u00f6rsta g\u00e5ngen n\u00e5gonsin v\u00e4ntas decemberoms\u00e4ttningen \u00f6verstiga 100 miljarder kronor, en historiskt stark julhandel st\u00e5r f\u00f6r d\u00f6rren, s\u00e4ger HUI:s expert William Lindquist. <\/p>\n<p>Omni \u00e4r politiskt obundna och oberoende. Vi str\u00e4var efter att ge fler perspektiv p\u00e5 nyheterna. Har du fr\u00e5gor eller synpunkter kring v\u00e5r rapportering? <a href=\"https:\/\/omni.se\/urstark-julhandel-spas-spranger-100-miljardersvall\/a\/mailto:redaktion@omni.se\" class=\"ArticleActions_contactLink__W2F1M\" rel=\"nofollow noopener\" target=\"_blank\">Kontakta redaktionen<\/a><\/p>\n","protected":false},"excerpt":{"rendered":"Efter flera \u00e5r av pressade hush\u00e5ll och konsumenter ser det ekonomiskt ljusare ut inf\u00f6r \u00e5rets julhandel. Det skriver&hellip;\n","protected":false},"author":2,"featured_media":75127,"comment_status":"","ping_status":"","sticky":false,"template":"","format":"standard","meta":{"footnotes":""},"categories":[65],"tags":[72,70,71,951,6690,349,34,31,33,32,30],"class_list":{"0":"post-75126","1":"post","2":"type-post","3":"status-publish","4":"format-standard","5":"has-post-thumbnail","7":"category-ekonomi","8":"tag-business","9":"tag-economy","10":"tag-ekonomi","11":"tag-handel-tjanster","12":"tag-hui-research","13":"tag-privatekonomi","14":"tag-se","15":"tag-svenska","16":"tag-sverige","17":"tag-sweden","18":"tag-swedish"},"share_on_mastodon":{"url":"https:\/\/pubeurope.com\/@se\/115511769360310810","error":""},"_links":{"self":[{"href":"https:\/\/www.europesays.com\/se\/wp-json\/wp\/v2\/posts\/75126","targetHints":{"allow":["GET"]}}],"collection":[{"href":"https:\/\/www.europesays.com\/se\/wp-json\/wp\/v2\/posts"}],"about":[{"href":"https:\/\/www.europesays.com\/se\/wp-json\/wp\/v2\/types\/post"}],"author":[{"embeddable":true,"href":"https:\/\/www.europesays.com\/se\/wp-json\/wp\/v2\/users\/2"}],"replies":[{"embeddable":true,"href":"https:\/\/www.europesays.com\/se\/wp-json\/wp\/v2\/comments?post=75126"}],"version-history":[{"count":0,"href":"https:\/\/www.europesays.com\/se\/wp-json\/wp\/v2\/posts\/75126\/revisions"}],"wp:featuredmedia":[{"embeddable":true,"href":"https:\/\/www.europesays.com\/se\/wp-json\/wp\/v2\/media\/75127"}],"wp:attachment":[{"href":"https:\/\/www.europesays.com\/se\/wp-json\/wp\/v2\/media?parent=75126"}],"wp:term":[{"taxonomy":"category","embeddable":true,"href":"https:\/\/www.europesays.com\/se\/wp-json\/wp\/v2\/categories?post=75126"},{"taxonomy":"post_tag","embeddable":true,"href":"https:\/\/www.europesays.com\/se\/wp-json\/wp\/v2\/tags?post=75126"}],"curies":[{"name":"wp","href":"https:\/\/api.w.org\/{rel}","templated":true}]}}