{"id":75230,"date":"2025-11-08T07:14:14","date_gmt":"2025-11-08T07:14:14","guid":{"rendered":"https:\/\/www.europesays.com\/se\/75230\/"},"modified":"2025-11-08T07:14:14","modified_gmt":"2025-11-08T07:14:14","slug":"syriens-president-plockas-bort-fran-usas-terrorlista","status":"publish","type":"post","link":"https:\/\/www.europesays.com\/se\/75230\/","title":{"rendered":"Syriens president plockas bort fr\u00e5n USA:s terrorlista"},"content":{"rendered":"<p>USA plockar bort Ahmed al-Sharaa fr\u00e5n landets terrorlista inf\u00f6r den syriske presidentens bes\u00f6k i Washington n\u00e4sta vecka, meddelar Vita huset. Trump har sedan tidigare dragit tillbaka sanktioner mot presidenten, som inf\u00f6rdes i kampen mot de jihadistiska terrorgrupperna Islamiska staten och al-Qaida. <\/p>\n<p>Presidenten ledde de islamistiska rebellerna HTS som i vintras st\u00f6rtade diktatorn Bashar al-Assad. Han har sedan dess gjort en rad utlandsresor i hopp om att \u00e5teruppr\u00e4tta landets relationer med omv\u00e4rlden, skriver Reuters. <\/p>\n<p>\u00c5tg\u00e4rderna vidtas som ett erk\u00e4nnande av de framsteg som den syriska ledningen har visat, s\u00e4ger Tommy Pigott, talesperson f\u00f6r det amerikanska utrikesdepartementet. <\/p>\n<p>Omni \u00e4r politiskt obundna och oberoende. Vi str\u00e4var efter att ge fler perspektiv p\u00e5 nyheterna. Har du fr\u00e5gor eller synpunkter kring v\u00e5r rapportering? <a href=\"https:\/\/omni.se\/syriens-president-plockas-bort-fran-usa-s-terrorlista\/a\/mailto:redaktion@omni.se\" class=\"ArticleActions_contactLink__W2F1M\" rel=\"nofollow noopener\" target=\"_blank\">Kontakta redaktionen<\/a><\/p>\n","protected":false},"excerpt":{"rendered":"USA plockar bort Ahmed al-Sharaa fr\u00e5n landets terrorlista inf\u00f6r den syriske presidentens bes\u00f6k i Washington n\u00e4sta vecka, meddelar&hellip;\n","protected":false},"author":2,"featured_media":75231,"comment_status":"","ping_status":"","sticky":false,"template":"","format":"standard","meta":{"footnotes":"","_share_on_mastodon":"0"},"categories":[5],"tags":[4250,22,23,26,27,17,21,24,25,28,29,124,15,16,18,34,31,33,32,30,4251,4252,19,20],"class_list":["post-75230","post","type-post","status-publish","format-standard","has-post-thumbnail","category-rubriker","tag-bashar-al-assad","tag-breaking-news","tag-breakingnews","tag-featured-news","tag-featurednews","tag-headlines","tag-huvudnyheter","tag-latest-news","tag-latestnews","tag-main-news","tag-mainnews","tag-mellanostern","tag-news","tag-nyheter","tag-rubriker","tag-se","tag-svenska","tag-sverige","tag-sweden","tag-swedish","tag-syrien","tag-syrienkriget","tag-top-stories","tag-topstories"],"share_on_mastodon":{"url":"https:\/\/pubeurope.com\/@se\/115512846772303228","error":""},"_links":{"self":[{"href":"https:\/\/www.europesays.com\/se\/wp-json\/wp\/v2\/posts\/75230","targetHints":{"allow":["GET"]}}],"collection":[{"href":"https:\/\/www.europesays.com\/se\/wp-json\/wp\/v2\/posts"}],"about":[{"href":"https:\/\/www.europesays.com\/se\/wp-json\/wp\/v2\/types\/post"}],"author":[{"embeddable":true,"href":"https:\/\/www.europesays.com\/se\/wp-json\/wp\/v2\/users\/2"}],"replies":[{"embeddable":true,"href":"https:\/\/www.europesays.com\/se\/wp-json\/wp\/v2\/comments?post=75230"}],"version-history":[{"count":0,"href":"https:\/\/www.europesays.com\/se\/wp-json\/wp\/v2\/posts\/75230\/revisions"}],"wp:featuredmedia":[{"embeddable":true,"href":"https:\/\/www.europesays.com\/se\/wp-json\/wp\/v2\/media\/75231"}],"wp:attachment":[{"href":"https:\/\/www.europesays.com\/se\/wp-json\/wp\/v2\/media?parent=75230"}],"wp:term":[{"taxonomy":"category","embeddable":true,"href":"https:\/\/www.europesays.com\/se\/wp-json\/wp\/v2\/categories?post=75230"},{"taxonomy":"post_tag","embeddable":true,"href":"https:\/\/www.europesays.com\/se\/wp-json\/wp\/v2\/tags?post=75230"}],"curies":[{"name":"wp","href":"https:\/\/api.w.org\/{rel}","templated":true}]}}