{"id":75251,"date":"2025-11-08T07:45:52","date_gmt":"2025-11-08T07:45:52","guid":{"rendered":"https:\/\/www.europesays.com\/se\/75251\/"},"modified":"2025-11-08T07:45:52","modified_gmt":"2025-11-08T07:45:52","slug":"forsokte-skydda-mordade-mamman-i-vasteras-polisen-svek","status":"publish","type":"post","link":"https:\/\/www.europesays.com\/se\/75251\/","title":{"rendered":"F\u00f6rs\u00f6kte skydda m\u00f6rdade mamman i V\u00e4ster\u00e5s: \u201dPolisen svek\u201d"},"content":{"rendered":"<p>Publicerad 6 nov 2025 kl 17.53Uppdaterad kl 18.22<\/p>\n<p>Mamman i V\u00e4ster\u00e5s levde under hot och v\u00e5ld innan hon m\u00f6rdades.<\/p>\n<p>Hon hade bott p\u00e5 skyddat boende i tv\u00e5 omg\u00e5ngar.<\/p>\n<p>Den ansvariga p\u00e5 boendet riktar nu skarp kritik mot polisens arbete.<\/p>\n<p>\u2013 Jag \u00e4r s\u00e5 arg. Polisen svek henne. Hon ropade p\u00e5 hj\u00e4lp, men ingen lyssnade. Nu \u00e4r hon d\u00f6d.<\/p>\n<p>H\u00f6rde skriken och sprang dit.<img   alt=\"\"\/><\/p>\n<p>En flerbarnsmamma i 50-\u00e5rs\u00e5ldern har d\u00f6dats i V\u00e4ster\u00e5s. Flera av hennes anh\u00f6riga sitter anh\u00e5llna.<\/p>\n<p>Foto: SVEN LINDWALL<\/p>\n<p>\u00d6ppna bild i helsk\u00e4rm<\/p>\n<p>Kvinnan, som blev bortgift som 13-\u00e5ring, levde i \u00e5ratal under kontroll, hot och v\u00e5ld \u2013 f\u00f6rst i hemlandet, sedan i Sverige. Hit kom hon f\u00f6r 20 \u00e5r sedan. Hon isolerades, misshandlades psykiskt och fysiskt och hotades till livet av b\u00e5de maken och en anh\u00f6rig till honom, uppger hon sj\u00e4lv i tidigare f\u00f6rh\u00f6r.\u00a0<\/p>\n<p>I januari i \u00e5r tog sig kvinnan till ett skyddat boende. D\u00e4r f\u00f6ljde kontaktpersonen med till polisstationen f\u00f6r att anm\u00e4la nya fall av hot och v\u00e5ld, bland annat d\u00f6dshot fr\u00e5n b\u00e5de maken och hans anh\u00f6rige.\u00a0<\/p>\n<p>Men enligt boendets ansvariga, som \u00e4ven var kvinnans kontaktperson, lades anm\u00e4lningarna ner utan att n\u00e5gon ens f\u00f6rh\u00f6rdes.<\/p>\n<p>\u2013 Hon hade spelat in hoten p\u00e5 sin telefon. Hon l\u00e4mnade in bevis till polisen men \u00e4nd\u00e5 h\u00e4nde ingenting. Det \u00e4r fruktansv\u00e4rt att man kan hota n\u00e5gon till d\u00f6ds och slippa undan, s\u00e4ger hon.<\/p>\n<p>Mamma m\u00f6rdad i V\u00e4ster\u00e5s<\/p>\n<p> En flerbarnsmamma i 50-\u00e5rs\u00e5ldern knivh\u00f6ggs till d\u00f6ds utanf\u00f6r sitt hem i V\u00e4ster\u00e5s p\u00e5 m\u00e5ndagskv\u00e4llen.<\/p>\n<p> I maj d\u00f6mdes maken f\u00f6r misshandel mot henne.\u00a0<\/p>\n<p> Kvinnan, som tvingades gifta sig som 13-\u00e5ring och kom till Sverige f\u00f6r 20 \u00e5r sedan, hade nyligen ans\u00f6kt om skilsm\u00e4ssa.\u00a0<\/p>\n<p> Hennes make och flera anh\u00f6riga \u00e4r misst\u00e4nkta, en misst\u00e4nks f\u00f6r mord.<\/p>\n<p> En manlig anh\u00f6rig fick allvarliga men ej livshotande skador.\u00a0<\/p>\n<p><strong>Upprepat v\u00e5ld<\/strong><\/p>\n<p> Maken har d\u00f6mts f\u00f6r upprepat v\u00e5ld mot flera familjemedlemmar.\u00a0<\/p>\n<p> P\u00e5 det skyddande boendet gjordes riskbed\u00f6mning som varnade f\u00f6r att kvinnans hotbild skulle sluta med d\u00f6dligt v\u00e5ld.<\/p>\n<p>Visa mer\u201dKunde inte r\u00e4dda henne\u201d<\/p>\n<p>Flerbarnsmamman bodde p\u00e5 det skyddade boendet under tv\u00e5 omg\u00e5ngar i \u00e5r. Under tiden f\u00f6rs\u00f6kte hon bygga upp sitt liv, hon ville g\u00e5 i skola, l\u00e4ra sig svenska och f\u00e5 tillbaka sina yngre barn som LVU-placerats p\u00e5 grund av v\u00e5ldet i hemmet, s\u00e4ger kontaktpersonen.<\/p>\n<p>\u2013 Hon sk\u00e4mdes \u00f6ver att inte kunna svenska, att aldrig ha jobbat. Men han l\u00e4t henne inte. Han kontrollerade allt. Hon var vanlig, sn\u00e4ll, positiv, v\u00e4ldigt ensam och r\u00e4dd. Alltid r\u00e4dd.\u00a0<\/p>\n<p>Men hoten fortsatte och till slut gav hon upp hoppet om hj\u00e4lp fr\u00e5n myndigheterna, enligt kontaktpersonen.<\/p>\n<p>\u2013 Hon flyttade hem i r\u00e4dsla f\u00f6r vad som annars skulle h\u00e4nde hennes barn, de hotade att d\u00f6da barnen. Hon hade inget f\u00f6rtroende kvar. Hon sa: \u201d<a href=\"https:\/\/www.expressen.se\/tagg\/organization\/polisen\/\" class=\"\" rel=\"nofollow noopener\" target=\"_blank\">Polisen<\/a> l\u00e4gger ner allt, de tror inte p\u00e5 mig.\u201d\u00a0<\/p>\n<p>Den ansvariga p\u00e5 boendet menar att socialtj\u00e4nsten gjorde sitt, men anser att polisen brustit allvarligt.<\/p>\n<p>\u2013 Jag gjorde s\u00e5 mycket jag kunde men jag kunde inte r\u00e4dda henne, f\u00f6r jag hade inte polisen och r\u00e4ttsv\u00e4sendet med mig. Jag \u00e4r starkt kritisk. Vi hade kunnat r\u00e4dda henne.<\/p>\n<p>Stor sorg<\/p>\n<p>I maj d\u00f6mdes mannen till fem m\u00e5naders f\u00e4ngelse f\u00f6r misshandel av mamman han beg\u00e5tt n\u00e4r hon kom hem fr\u00e5n boendet. Han friades fr\u00e5n olaga hot och f\u00f6r att ha tagit strypgrepp, d\u00e5 hennes ord om att han tagit strypgrepp tills hon svimmade och flera g\u00e5nger sagt att han \u201daldrig kommer l\u00e5ta henne vara i fred f\u00f6rr\u00e4n han d\u00f6dat henne\u201d inte h\u00f6ll i r\u00e4tten.\u00a0<\/p>\n<p>\u2013 Vad fick han sitta av, tv\u00e5 m\u00e5nader?<\/p>\n<p>Annons<\/p>\n<p>\u2013 M\u00e4nnen f\u00e5r h\u00e4rja fritt. Vi pratar om kvinnors r\u00e4ttigheter, om skydd mot m\u00e4ns v\u00e5ld mot kvinnor, men var \u00e4r de i verkligheten? Vi \u2013 allts\u00e5 kvinnorna p\u00e5 boendena \u2013 anm\u00e4ler s\u00e5 m\u00e5nga m\u00e4n men 90-96 procent l\u00e4ggs ner utan f\u00f6rh\u00f6r, s\u00e4ger kvinnans kontaktperson.<\/p>\n<p>Nu \u00e4r sorgen och frustrationen stor.<\/p>\n<p>\u2013 Hon har levt i ett helvete p\u00e5 jorden i det mest demokratiska landet i v\u00e4rlden. Jag vill att polisen vaknar och ser m\u00e4nniskan bakom anm\u00e4lan.<\/p>\n<p>\u2013 Det g\u00f6r s\u00e5 ont i mitt hj\u00e4rta. Hon borde f\u00e5tt en chans att g\u00e5 vidare med sitt liv, utan att beh\u00f6va h\u00f6ras deras r\u00f6ster varje dag.<\/p>\n<p><img loading=\"lazy\"   alt=\"\"\/><\/p>\n<p>Den m\u00f6rdade kvinnan levde under hederskontex enligt Socialtj\u00e4nsten. F\u00f6r hennes kontaktperson \u00e4r hedern inte vad hon tycker man ska fokusera p\u00e5 \u201ddet h\u00e4r drabbar \u00e4ven svenska kvinnor, vad g\u00f6r vi \u00e5t det?\u201d<\/p>\n<p>Foto: Per Groth\/TT  NYHETSBYR\u00c5N<\/p>\n<p>\u00d6ppna bild i helsk\u00e4rmPolisen: F\u00f6rst\u00e5r att det v\u00e4cker k\u00e4nslor<\/p>\n<p>Maria Hall, presstalesperson p\u00e5 polisen i region Mitt, skriver i ett mejl till Expressen att de inte kommenterar enskilda fall, men f\u00f6rst\u00e5r att besked om att en f\u00f6runders\u00f6kning inte inleds eller l\u00e4ggs ned v\u00e4cker\u201d mycket k\u00e4nslor, frustration och ilska.\u201d<\/p>\n<p>\u201dEtt beslut om nedl\u00e4ggning i denna typ av \u00e4renden fattas av \u00e5klagare och beror inte p\u00e5 att polis eller \u00e5klagare inte tror p\u00e5 det brottsoffret ber\u00e4ttar, utan att \u00e5klagare g\u00f6r bed\u00f6mningen att den st\u00f6dbevisning som finns inte \u00e4r tillr\u00e4ckligt stark f\u00f6r att v\u00e4cka \u00e5tal.\u201d skriver hon.\u00a0<\/p>\n<p>Polisen om nedlagda utredningar och m\u00e4ns v\u00e5ld mot kvinnor <\/p>\n<p>\u201dVi kan inte kommentera enskilda fall av h\u00e4nsyn till ber\u00f6rda, men arbetar l\u00f6pande och dagligen med \u00e4renden g\u00e4llande v\u00e5ld i n\u00e4ra relation. I dessa \u00e4renden arbetar polisen med bland annat f\u00f6rh\u00f6r och insamling av uppgifter p\u00e5 de s\u00e4tt som \u00e4r m\u00f6jliga. I samtliga fall arbetar polisen med att utreda vad som h\u00e4nt i s\u00e5 stor utstr\u00e4ckning som m\u00f6jligt, med bland annat f\u00f6rh\u00f6r med de inblandade, exempelvis m\u00e5ls\u00e4gande, misst\u00e4nkt och vittnen.<\/p>\n<p>Arbetet mot v\u00e5ld i n\u00e4ra relation \u00e4r n\u00e5got som polisen st\u00e4ndigt utvecklar och utv\u00e4rderar, precis som \u00f6vrig verksamhet. Vi utbildar medarbetare, utvecklar nya metoder och \u00f6kar det polisi\u00e4ra trycket mot v\u00e5ldsut\u00f6varna. Samtidigt \u00e4r v\u00e5ld i n\u00e4ra relation ett samh\u00e4llsproblem och inte bara n\u00e5got som r\u00f6r polisen. Det \u00e4r n\u00e5got som flera delar av samh\u00e4llet m\u00e5ste kraftsamla kring. Samverkan \u00e4r avg\u00f6rande f\u00f6r att samh\u00e4llet ska uppt\u00e4cka varningssignaler och bryta v\u00e5ldsspiralen innan v\u00e5ldet blir gr\u00f6vre och d\u00f6dligt. Fler beh\u00f6ver ocks\u00e5 tipsa och anm\u00e4la.\u201d<\/p>\n<p>Maria Hall, polisens presstalesperson region Mitt.\u00a0<\/p>\n<p>Visa mer<\/p>\n<p><a href=\"https:\/\/www.expressen.se\/nyheter\/krim\/mammans-ord-innan-mordet-i-vasteras\/\" rel=\"nofollow noopener\" target=\"_blank\"><strong>L\u00c4S MER: <\/strong>Mammans ord innan mordet i V\u00e4ster\u00e5s<\/a><\/p>\n<p><strong>L\u00c4S MER: <\/strong><a href=\"https:\/\/www.expressen.se\/nyheter\/sverige\/polisens-misstanke-kvinnan--mordad-av-anhoriga-i-vasteras\/\" class=\"\" rel=\"nofollow noopener\" target=\"_blank\">Polisens misstanke: Kvinnan  m\u00f6rdad av anh\u00f6riga i V\u00e4ster\u00e5s<\/a><strong>L\u00c4S MER: <\/strong><a href=\"https:\/\/www.expressen.se\/nyheter\/sverige\/kvinnans-vittnesmal-om--makens-skrackvalde\/\" class=\"\" rel=\"nofollow noopener\" target=\"_blank\">Kvinnans vittnesm\u00e5l om  makens skr\u00e4ckv\u00e4lde<\/a>S\u00f6kermed hund och helikopter \u2022 Fyra gripna.<\/p>\n","protected":false},"excerpt":{"rendered":"Publicerad 6 nov 2025 kl 17.53Uppdaterad kl 18.22 Mamman i V\u00e4ster\u00e5s levde under hot och v\u00e5ld innan hon&hellip;\n","protected":false},"author":2,"featured_media":75252,"comment_status":"","ping_status":"","sticky":false,"template":"","format":"standard","meta":{"footnotes":""},"categories":[12],"tags":[22,23,26,27,17,21,24,25,909,28,29,15,16,400,18,34,666,31,33,32,30,19,1496,136,436,20],"class_list":{"0":"post-75251","1":"post","2":"type-post","3":"status-publish","4":"format-standard","5":"has-post-thumbnail","7":"category-sverige","8":"tag-breaking-news","9":"tag-breakingnews","10":"tag-featured-news","11":"tag-featurednews","12":"tag-headlines","13":"tag-huvudnyheter","14":"tag-latest-news","15":"tag-latestnews","16":"tag-location-vasteras","17":"tag-main-news","18":"tag-mainnews","19":"tag-news","20":"tag-nyheter","21":"tag-organization-polisen","22":"tag-rubriker","23":"tag-se","24":"tag-sections-krim","25":"tag-svenska","26":"tag-sverige","27":"tag-sweden","28":"tag-swedish","29":"tag-top-stories","30":"tag-topic-misshandel-overfall","31":"tag-topic-rattegangar-domar","32":"tag-topic-valdsbrott-mord","33":"tag-topstories"},"share_on_mastodon":{"url":"https:\/\/pubeurope.com\/@se\/115512972647529690","error":""},"_links":{"self":[{"href":"https:\/\/www.europesays.com\/se\/wp-json\/wp\/v2\/posts\/75251","targetHints":{"allow":["GET"]}}],"collection":[{"href":"https:\/\/www.europesays.com\/se\/wp-json\/wp\/v2\/posts"}],"about":[{"href":"https:\/\/www.europesays.com\/se\/wp-json\/wp\/v2\/types\/post"}],"author":[{"embeddable":true,"href":"https:\/\/www.europesays.com\/se\/wp-json\/wp\/v2\/users\/2"}],"replies":[{"embeddable":true,"href":"https:\/\/www.europesays.com\/se\/wp-json\/wp\/v2\/comments?post=75251"}],"version-history":[{"count":0,"href":"https:\/\/www.europesays.com\/se\/wp-json\/wp\/v2\/posts\/75251\/revisions"}],"wp:featuredmedia":[{"embeddable":true,"href":"https:\/\/www.europesays.com\/se\/wp-json\/wp\/v2\/media\/75252"}],"wp:attachment":[{"href":"https:\/\/www.europesays.com\/se\/wp-json\/wp\/v2\/media?parent=75251"}],"wp:term":[{"taxonomy":"category","embeddable":true,"href":"https:\/\/www.europesays.com\/se\/wp-json\/wp\/v2\/categories?post=75251"},{"taxonomy":"post_tag","embeddable":true,"href":"https:\/\/www.europesays.com\/se\/wp-json\/wp\/v2\/tags?post=75251"}],"curies":[{"name":"wp","href":"https:\/\/api.w.org\/{rel}","templated":true}]}}