{"id":75292,"date":"2025-11-08T08:56:11","date_gmt":"2025-11-08T08:56:11","guid":{"rendered":"https:\/\/www.europesays.com\/se\/75292\/"},"modified":"2025-11-08T08:56:11","modified_gmt":"2025-11-08T08:56:11","slug":"felipe-lilla-al-fadji-leiva-wenger-ar-klar-for-mello","status":"publish","type":"post","link":"https:\/\/www.europesays.com\/se\/75292\/","title":{"rendered":"Felipe \u201dLilla Al-Fadji\u201d Leiva Wenger \u00e4r klar f\u00f6r Mello"},"content":{"rendered":"<p>Enligt Expressens uppgifter \u00e4r de h\u00e4r artisterna helt klara:<\/p>\n<p>Felicia (tidigare k\u00e4nd som Fr\u00f6ken Snusk)<\/p>\n<p>Greczula<\/p>\n<p>Manoel \u201dJunior\u201d Marques Lerin<\/p>\n<p>Medina<\/p>\n<p>Robin Bengtsson<\/p>\n<p>Emilia Pantic<\/p>\n<p>Sanna Nielsen<\/p>\n<p>Felix Manu<\/p>\n<p>Noll2<\/p>\n<p>Aftonbladet har ocks\u00e5 rapporterat att Meira Omar, Saga Ludvigsson, Arwin och Smash into pieces \u00e4r klara f\u00f6r t\u00e4vlingen, n\u00e5got som \u00e4ven Expressen har uppgifter om.<\/p>\n<p>Vidare har tidningen skrivit att Eva Jumatate och Felipe Leiva Wenger \u00e4r klar f\u00f6r t\u00e4vlingen.<\/p>\n","protected":false},"excerpt":{"rendered":"Enligt Expressens uppgifter \u00e4r de h\u00e4r artisterna helt klara: Felicia (tidigare k\u00e4nd som Fr\u00f6ken Snusk) Greczula Manoel \u201dJunior\u201d&hellip;\n","protected":false},"author":2,"featured_media":75293,"comment_status":"","ping_status":"","sticky":false,"template":"","format":"standard","meta":{"footnotes":""},"categories":[67],"tags":[104,3055,34,3551,31,33,32,30,105],"class_list":{"0":"post-75292","1":"post","2":"type-post","3":"status-publish","4":"format-standard","5":"has-post-thumbnail","7":"category-underhallning","8":"tag-entertainment","9":"tag-organization-melodifestivalen","10":"tag-se","11":"tag-sections-melodifestivalen","12":"tag-svenska","13":"tag-sverige","14":"tag-sweden","15":"tag-swedish","16":"tag-underhallning"},"share_on_mastodon":{"url":"https:\/\/pubeurope.com\/@se\/115513247871025633","error":""},"_links":{"self":[{"href":"https:\/\/www.europesays.com\/se\/wp-json\/wp\/v2\/posts\/75292","targetHints":{"allow":["GET"]}}],"collection":[{"href":"https:\/\/www.europesays.com\/se\/wp-json\/wp\/v2\/posts"}],"about":[{"href":"https:\/\/www.europesays.com\/se\/wp-json\/wp\/v2\/types\/post"}],"author":[{"embeddable":true,"href":"https:\/\/www.europesays.com\/se\/wp-json\/wp\/v2\/users\/2"}],"replies":[{"embeddable":true,"href":"https:\/\/www.europesays.com\/se\/wp-json\/wp\/v2\/comments?post=75292"}],"version-history":[{"count":0,"href":"https:\/\/www.europesays.com\/se\/wp-json\/wp\/v2\/posts\/75292\/revisions"}],"wp:featuredmedia":[{"embeddable":true,"href":"https:\/\/www.europesays.com\/se\/wp-json\/wp\/v2\/media\/75293"}],"wp:attachment":[{"href":"https:\/\/www.europesays.com\/se\/wp-json\/wp\/v2\/media?parent=75292"}],"wp:term":[{"taxonomy":"category","embeddable":true,"href":"https:\/\/www.europesays.com\/se\/wp-json\/wp\/v2\/categories?post=75292"},{"taxonomy":"post_tag","embeddable":true,"href":"https:\/\/www.europesays.com\/se\/wp-json\/wp\/v2\/tags?post=75292"}],"curies":[{"name":"wp","href":"https:\/\/api.w.org\/{rel}","templated":true}]}}