{"id":75391,"date":"2025-11-08T12:28:24","date_gmt":"2025-11-08T12:28:24","guid":{"rendered":"https:\/\/www.europesays.com\/se\/75391\/"},"modified":"2025-11-08T12:28:24","modified_gmt":"2025-11-08T12:28:24","slug":"ska-inte-kunna-handa-soderhamns-kuriren","status":"publish","type":"post","link":"https:\/\/www.europesays.com\/se\/75391\/","title":{"rendered":"\u201dSka inte kunna h\u00e4nda\u201d \u2013 S\u00f6derhamns-Kuriren"},"content":{"rendered":"<p>Derbyt var j\u00e4mnt i n\u00e4stan 70 minuter. <\/p>\n<p>Sedan rasade allt f\u00f6r Broberg. <\/p>\n<p>\u2013 Det \u00e4r f\u00f6r j\u00e4vla d\u00e5ligt av oss. Det ska inte kunna h\u00e4nda, s\u00e4ger Tobias Nyberg efter 3\u201312-f\u00f6rlusten.<\/p>\n<p><strong>Det blev en sv\u00e4ngig <\/strong>f\u00f6rsta halvlek d\u00e4r Bolln\u00e4s gick upp till 4\u20131, innan Broberg tog en timeout och reducerade till 4\u20133 p\u00e5 till\u00e4ggstid.<\/p>\n<p>Tekniskt fel<\/p>\n<p class=\"message__text txt-ui txt-ui-2\">V\u00e4nligen f\u00f6rs\u00f6k igen senare.<\/p>\n<p>Den h\u00e4r artikeln \u00e4r bara f\u00f6r prenumeranter<\/p>\n<p class=\"txt-body txt-body-1\">Om du redan \u00e4r prenumerant: logga in!<\/p>\n","protected":false},"excerpt":{"rendered":"Derbyt var j\u00e4mnt i n\u00e4stan 70 minuter. Sedan rasade allt f\u00f6r Broberg. \u2013 Det \u00e4r f\u00f6r j\u00e4vla d\u00e5ligt&hellip;\n","protected":false},"author":2,"featured_media":75392,"comment_status":"","ping_status":"","sticky":false,"template":"","format":"standard","meta":{"footnotes":""},"categories":[5],"tags":[22,23,26,27,17,21,24,25,28,29,15,16,18,34,31,33,32,30,19,20],"class_list":{"0":"post-75391","1":"post","2":"type-post","3":"status-publish","4":"format-standard","5":"has-post-thumbnail","7":"category-rubriker","8":"tag-breaking-news","9":"tag-breakingnews","10":"tag-featured-news","11":"tag-featurednews","12":"tag-headlines","13":"tag-huvudnyheter","14":"tag-latest-news","15":"tag-latestnews","16":"tag-main-news","17":"tag-mainnews","18":"tag-news","19":"tag-nyheter","20":"tag-rubriker","21":"tag-se","22":"tag-svenska","23":"tag-sverige","24":"tag-sweden","25":"tag-swedish","26":"tag-top-stories","27":"tag-topstories"},"share_on_mastodon":{"url":"https:\/\/pubeurope.com\/@se\/115514081469252799","error":""},"_links":{"self":[{"href":"https:\/\/www.europesays.com\/se\/wp-json\/wp\/v2\/posts\/75391","targetHints":{"allow":["GET"]}}],"collection":[{"href":"https:\/\/www.europesays.com\/se\/wp-json\/wp\/v2\/posts"}],"about":[{"href":"https:\/\/www.europesays.com\/se\/wp-json\/wp\/v2\/types\/post"}],"author":[{"embeddable":true,"href":"https:\/\/www.europesays.com\/se\/wp-json\/wp\/v2\/users\/2"}],"replies":[{"embeddable":true,"href":"https:\/\/www.europesays.com\/se\/wp-json\/wp\/v2\/comments?post=75391"}],"version-history":[{"count":0,"href":"https:\/\/www.europesays.com\/se\/wp-json\/wp\/v2\/posts\/75391\/revisions"}],"wp:featuredmedia":[{"embeddable":true,"href":"https:\/\/www.europesays.com\/se\/wp-json\/wp\/v2\/media\/75392"}],"wp:attachment":[{"href":"https:\/\/www.europesays.com\/se\/wp-json\/wp\/v2\/media?parent=75391"}],"wp:term":[{"taxonomy":"category","embeddable":true,"href":"https:\/\/www.europesays.com\/se\/wp-json\/wp\/v2\/categories?post=75391"},{"taxonomy":"post_tag","embeddable":true,"href":"https:\/\/www.europesays.com\/se\/wp-json\/wp\/v2\/tags?post=75391"}],"curies":[{"name":"wp","href":"https:\/\/api.w.org\/{rel}","templated":true}]}}