{"id":75420,"date":"2025-11-08T13:39:17","date_gmt":"2025-11-08T13:39:17","guid":{"rendered":"https:\/\/www.europesays.com\/se\/75420\/"},"modified":"2025-11-08T13:39:17","modified_gmt":"2025-11-08T13:39:17","slug":"insandare-sluta-trakassera-oss-skogsagare-nerikes-allehanda","status":"publish","type":"post","link":"https:\/\/www.europesays.com\/se\/75420\/","title":{"rendered":"INS\u00c4NDARE: Sluta trakassera oss skogs\u00e4gare! &#8211; Nerikes Allehanda"},"content":{"rendered":"<ol>\n<li><a href=\"https:\/\/news.google.com\/rss\/articles\/CBMiakFVX3lxTE0tVk5QR1ZuNmRxSjJSR0xyZ3huY19fMlNsWDRDTW5VWVRaRHJ2WTJsTW9wd1RLeWc5ejVqci1DbVFsUjI0SG9yVVZWclFGSEl6THEzR3h3WTlkMHF6eWtSc2xUN1hOWlpmeUE?oc=5\" target=\"_blank\" rel=\"nofollow noopener\">INS\u00c4NDARE: Sluta trakassera oss skogs\u00e4gare!<\/a>&nbsp;&nbsp;Nerikes Allehanda<\/li>\n<li><a href=\"https:\/\/news.google.com\/rss\/articles\/CBMifkFVX3lxTE5TZWdJY1hXTDV0SEZ1bzl0UFhjWm1aVDB4eUhvOFNLVXgzTm5NazJLZEZXcFFZbHNJRmhJQW9vekNiSmRNUmZ1SU1hdUVsd0E4d0M5cnNVU1lkaEZveGpNRVF5MlZQNlQ4Wng4cE94RXdSczllOUg2YmFIZkwwdw?oc=5\" target=\"_blank\" rel=\"nofollow noopener\">Skogsstyrelsen s\u00e4ger ja till avverkningen i Arjeplog<\/a>&nbsp;&nbsp;ATL<\/li>\n<li><a href=\"https:\/\/news.google.com\/rss\/articles\/CBMixAFBVV95cUxPUHNBelpuZWs1THY3MzE0cWhTWVBlUVJIUFpxWUdIM3V0U0I1Z3dEc2xMUDRET2EzWFlRQ2luU0pFNC1tMWNOUDFWSzg0NXExdUZTdUV4RlR2UzVCWWtNdzdvSDVFY090SS0wOEFBUUR3WWdmWHV0S0oxQVRGdjZmekk5TlpFTUNuZG44WkxUSFdaRTh3MWpJblB1VDhrSFlBcGZsNm91RV9NU2g5UlNOaEQtajNuOG0zRkRjSWlianJTSmZo?oc=5\" target=\"_blank\" rel=\"nofollow noopener\">H\u00e4r stoppas SCA \u2013 av Marc U\u00c5:s konst och ett domstolsbeslut<\/a>&nbsp;&nbsp;Via TT<\/li>\n<li><a href=\"https:\/\/news.google.com\/rss\/articles\/CBMikgFBVV95cUxNcDhXUElNeU1uY0picHFUYTI2TzNhdmJvTlR1dnNEOFBBdjdQOGJWVEJYQVp6RlVNbHd4enFkV0dDUldPaUd3WEtVR1pfcEl6OFhpS1I3MmlrczA2QUFNZkZQWTE5UnR5ZG5fdGEyM1VScElXWmw2cC1uNU9sNHk3UWdESngwLWJfcDBUQXB3QWZMUQ?oc=5\" target=\"_blank\" rel=\"nofollow noopener\">Tret\u00e5ig hackspett stoppar SCA fr\u00e5n att avverka skog<\/a>&nbsp;&nbsp;Sveriges Radio<\/li>\n<li><a href=\"https:\/\/news.google.com\/rss\/articles\/CBMilgFBVV95cUxPN05nWGtxY0F3WTA2VUM3NkpOT3VOazZZRkVyb2F2MGRsWnlvdDBUZzNqLUJBTkNxc2VmTjNmM2pUVzZxT19SMEZiaDZQc05rc2pZOUppcWw2aXJEaXNCbEk2aUNEMGNGTmdxSW9PTGtSQkRTX1RSWTNObHlJSGRvNFlIX1gwb2FCTlVadnlub3lkSk5kbGc?oc=5\" target=\"_blank\" rel=\"nofollow noopener\">Greta och aktivisterna gjorde r\u00e4tt i Arjeplog<\/a>&nbsp;&nbsp;Norran<\/li>\n<\/ol>\n","protected":false},"excerpt":{"rendered":"INS\u00c4NDARE: Sluta trakassera oss skogs\u00e4gare!&nbsp;&nbsp;Nerikes Allehanda Skogsstyrelsen s\u00e4ger ja till avverkningen i Arjeplog&nbsp;&nbsp;ATL H\u00e4r stoppas SCA \u2013 av&hellip;\n","protected":false},"author":2,"featured_media":75421,"comment_status":"","ping_status":"","sticky":false,"template":"","format":"standard","meta":{"footnotes":""},"categories":[12],"tags":[22,23,26,27,17,21,24,25,28,29,15,16,18,34,31,33,32,30,19,20],"class_list":{"0":"post-75420","1":"post","2":"type-post","3":"status-publish","4":"format-standard","5":"has-post-thumbnail","7":"category-sverige","8":"tag-breaking-news","9":"tag-breakingnews","10":"tag-featured-news","11":"tag-featurednews","12":"tag-headlines","13":"tag-huvudnyheter","14":"tag-latest-news","15":"tag-latestnews","16":"tag-main-news","17":"tag-mainnews","18":"tag-news","19":"tag-nyheter","20":"tag-rubriker","21":"tag-se","22":"tag-svenska","23":"tag-sverige","24":"tag-sweden","25":"tag-swedish","26":"tag-top-stories","27":"tag-topstories"},"share_on_mastodon":{"url":"https:\/\/pubeurope.com\/@se\/115514360650941293","error":""},"_links":{"self":[{"href":"https:\/\/www.europesays.com\/se\/wp-json\/wp\/v2\/posts\/75420","targetHints":{"allow":["GET"]}}],"collection":[{"href":"https:\/\/www.europesays.com\/se\/wp-json\/wp\/v2\/posts"}],"about":[{"href":"https:\/\/www.europesays.com\/se\/wp-json\/wp\/v2\/types\/post"}],"author":[{"embeddable":true,"href":"https:\/\/www.europesays.com\/se\/wp-json\/wp\/v2\/users\/2"}],"replies":[{"embeddable":true,"href":"https:\/\/www.europesays.com\/se\/wp-json\/wp\/v2\/comments?post=75420"}],"version-history":[{"count":0,"href":"https:\/\/www.europesays.com\/se\/wp-json\/wp\/v2\/posts\/75420\/revisions"}],"wp:featuredmedia":[{"embeddable":true,"href":"https:\/\/www.europesays.com\/se\/wp-json\/wp\/v2\/media\/75421"}],"wp:attachment":[{"href":"https:\/\/www.europesays.com\/se\/wp-json\/wp\/v2\/media?parent=75420"}],"wp:term":[{"taxonomy":"category","embeddable":true,"href":"https:\/\/www.europesays.com\/se\/wp-json\/wp\/v2\/categories?post=75420"},{"taxonomy":"post_tag","embeddable":true,"href":"https:\/\/www.europesays.com\/se\/wp-json\/wp\/v2\/tags?post=75420"}],"curies":[{"name":"wp","href":"https:\/\/api.w.org\/{rel}","templated":true}]}}