{"id":75614,"date":"2025-11-08T18:42:12","date_gmt":"2025-11-08T18:42:12","guid":{"rendered":"https:\/\/www.europesays.com\/se\/75614\/"},"modified":"2025-11-08T18:42:12","modified_gmt":"2025-11-08T18:42:12","slug":"billigare-mafia-blev-en-jattehit-visar-att-spel-inte-maste-kosta-800-kr","status":"publish","type":"post","link":"https:\/\/www.europesays.com\/se\/75614\/","title":{"rendered":"Billigare \u201cMafia\u201d blev en j\u00e4ttehit \u2013 visar att spel inte m\u00e5ste kosta 800 kr"},"content":{"rendered":"<p>Take-Two ber\u00e4ttar nu att \u201c<strong>Mafia: The Old Country<\/strong>\u201d, som sl\u00e4pptes i augusti till <strong>det l\u00e4gre priset <\/strong>549 kronor, blev en ov\u00e4ntat stor f\u00f6rs\u00e4ljningsframg\u00e5ng.<\/p>\n<p>Spelet fungerar som ett mer linj\u00e4rt och ber\u00e4ttelsedrivet f\u00f6rspel till gangsterserien och utspelar sig i Sicilien i b\u00f6rjan av 1900-talet. I marknadsf\u00f6ringen betonades ocks\u00e5 att spelet erbjuder en fokuserad spelupplevelse. Snarare \u00e4n en massiv \u00f6ppen v\u00e4rld som tidigare delar i serien.<\/p>\n<p>\u2013 Det vi misst\u00e4nkte bekr\u00e4ftades, s\u00e4ger Take-Twos vd Strauss Zelnick till <a href=\"https:\/\/www.thegamebusiness.com\/p\/grand-theft-auto-vi-delayed-again\" rel=\"nofollow noopener\" target=\"_blank\">The Game Business<\/a>.<\/p>\n<p>\u2013 Om man ger konsumenter en fantastisk ber\u00e4ttelseupplevelse som \u00e4r rolig, ganska avgr\u00e4nsad och till ett rimligt pris, d\u00e5 kan man f\u00e5 ett perfekt resultat.<\/p>\n<p>I sin <a href=\"https:\/\/www.moviezine.se\/nyheter\/recension-mafia-the-old-country-kanns-som-en-film-men-ett-generiskt-spel\" rel=\"nofollow noopener\" target=\"_blank\">recension<\/a> av spelet skrev MovieZines Anders Ekl\u00f6f:<\/p>\n<p>\u201dDen senaste delen i \u201dMafia\u201d-serien levererar en ber\u00e4ttelse som n\u00e4stan spelar i samma liga som de st\u00f6rsta maffiafilmerna. D\u00e4remot underpresterar det r\u00e4tt rej\u00e4lt p\u00e5 andra fronter.\u201d<\/p>\n<p>Spelet \u00e4r tillg\u00e4ngligt till Playstation 5, Windows och Xbox Series X\/S. <\/p>\n<p>L\u00e4s ocks\u00e5: <a href=\"https:\/\/www.moviezine.se\/nyheter\/vinterns-stora-marvelspel-forsenas-oklart-hur-lange\" title=\"Vinterns stora Marvelspel f\u00f6rsenas \u2013 oklart hur l\u00e4nge\" class=\"underline-custom !font-montserrat !font-bold !underline-offset-4 !decoration-4 !decoration-moviezine-green !text-md\" rel=\"nofollow noopener\" target=\"_blank\">Vinterns stora Marvelspel f\u00f6rsenas \u2013 oklart hur l\u00e4nge<\/a><\/p>\n<p>L\u00e4s ocks\u00e5: <a href=\"https:\/\/www.moviezine.se\/nyheter\/grand-theft-auto-vi-forsenas-igen\" title=\"\u201dGrand Theft Auto VI\u201d f\u00f6rsenas igen \u2013 sl\u00e4pps h\u00f6sten 2026\" class=\"underline-custom !font-montserrat !font-bold !underline-offset-4 !decoration-4 !decoration-moviezine-green !text-md\" rel=\"nofollow noopener\" target=\"_blank\">\u201dGrand Theft Auto VI\u201d f\u00f6rsenas igen \u2013 sl\u00e4pps h\u00f6sten 2026<\/a><\/p>\n","protected":false},"excerpt":{"rendered":"Take-Two ber\u00e4ttar nu att \u201cMafia: The Old Country\u201d, som sl\u00e4pptes i augusti till det l\u00e4gre priset 549 kronor,&hellip;\n","protected":false},"author":2,"featured_media":75615,"comment_status":"","ping_status":"","sticky":false,"template":"","format":"standard","meta":{"footnotes":""},"categories":[66],"tags":[80,78,79,34,31,33,32,30,81,84,2012,83,82],"class_list":{"0":"post-75614","1":"post","2":"type-post","3":"status-publish","4":"format-standard","5":"has-post-thumbnail","7":"category-vetenskap-och-teknik","8":"tag-science","9":"tag-science-and-technology","10":"tag-scienceandtechnology","11":"tag-se","12":"tag-svenska","13":"tag-sverige","14":"tag-sweden","15":"tag-swedish","16":"tag-technology","17":"tag-teknik","18":"tag-tv-spel","19":"tag-vetenskap","20":"tag-vetenskapteknik"},"share_on_mastodon":{"url":"https:\/\/pubeurope.com\/@se\/115515552156264572","error":""},"_links":{"self":[{"href":"https:\/\/www.europesays.com\/se\/wp-json\/wp\/v2\/posts\/75614","targetHints":{"allow":["GET"]}}],"collection":[{"href":"https:\/\/www.europesays.com\/se\/wp-json\/wp\/v2\/posts"}],"about":[{"href":"https:\/\/www.europesays.com\/se\/wp-json\/wp\/v2\/types\/post"}],"author":[{"embeddable":true,"href":"https:\/\/www.europesays.com\/se\/wp-json\/wp\/v2\/users\/2"}],"replies":[{"embeddable":true,"href":"https:\/\/www.europesays.com\/se\/wp-json\/wp\/v2\/comments?post=75614"}],"version-history":[{"count":0,"href":"https:\/\/www.europesays.com\/se\/wp-json\/wp\/v2\/posts\/75614\/revisions"}],"wp:featuredmedia":[{"embeddable":true,"href":"https:\/\/www.europesays.com\/se\/wp-json\/wp\/v2\/media\/75615"}],"wp:attachment":[{"href":"https:\/\/www.europesays.com\/se\/wp-json\/wp\/v2\/media?parent=75614"}],"wp:term":[{"taxonomy":"category","embeddable":true,"href":"https:\/\/www.europesays.com\/se\/wp-json\/wp\/v2\/categories?post=75614"},{"taxonomy":"post_tag","embeddable":true,"href":"https:\/\/www.europesays.com\/se\/wp-json\/wp\/v2\/tags?post=75614"}],"curies":[{"name":"wp","href":"https:\/\/api.w.org\/{rel}","templated":true}]}}