{"id":75750,"date":"2025-11-09T00:43:24","date_gmt":"2025-11-09T00:43:24","guid":{"rendered":"https:\/\/www.europesays.com\/se\/75750\/"},"modified":"2025-11-09T00:43:24","modified_gmt":"2025-11-09T00:43:24","slug":"vinstlott-for-berg-och-stromsund-ostersunds-posten-2","status":"publish","type":"post","link":"https:\/\/www.europesays.com\/se\/75750\/","title":{"rendered":"Vinstlott f\u00f6r Berg och Str\u00f6msund \u2013 \u00d6stersunds-Posten"},"content":{"rendered":"<p>Kommunerna \u00e4r vinnare p\u00e5 det nya skatteutj\u00e4mningssystemet. <\/p>\n<p>Detta \u00e4r en opinionstext.Tidningens h\u00e5llning \u00e4r centerpartistisk.<\/p>\n<p><img loading=\"lazy\" decoding=\"async\" width=\"980\" height=\"551\" class=\"article-image article-image--featured\" alt=\"Bergs kommun \u00e4r en av vinnarna p\u00e5 en ny kommunal skatteutj\u00e4mning som ger ett f\u00f6rst\u00e4rkt ekonomiskt st\u00f6d till glesa kommuner. \" src=\"https:\/\/www.europesays.com\/se\/wp-content\/uploads\/2025\/11\/1762649004_220_056a9d62a230a0ba85c233ef4903491f2cdbedd2.jpg\"  \/><a class=\"article__lightbox-link\" href=\"https:\/\/static.bonniernews.se\/ba\/056a9d62a230a0ba85c233ef4903491f2cdbedd2.jpg?crop=3784%2C2129%2Cx0%2Cy198&amp;width=1400&amp;format=pjpg&amp;auto=avif\" data-pswp-width=\"1400\" data-pswp-height=\"788\" data-pswp-caption=\"Bergs kommun \u00e4r en av vinnarna p\u00e5 en ny kommunal skatteutj\u00e4mning som ger ett f\u00f6rst\u00e4rkt ekonomiskt st\u00f6d till glesa kommuner.  Bild: Marcus Berglund\" data-pswp- rel=\"nofollow noopener\" target=\"_blank\">\u00d6ppna bild i helsk\u00e4rmsl\u00e4ge<\/a><\/p>\n<p class=\"txt-style-muted\" aria-hidden=\"true\">Bergs kommun \u00e4r en av vinnarna p\u00e5 en ny kommunal skatteutj\u00e4mning som ger ett f\u00f6rst\u00e4rkt ekonomiskt st\u00f6d till glesa kommuner. <\/p>\n<p class=\"article__figcaption-attribution txt-style-muted\">Bild: Marcus Berglund<\/p>\n<p>Hur mycket man \u00e4n \u00e4gnar sig \u00e5t f\u00f6rkovran och bildning genom livet kommer ett f\u00e5tal saker vara obegripliga och ogenomtr\u00e4ngliga. Som var alla h\u00f6gerstrumpor tar v\u00e4gen. Som vem som alltid t\u00e4nder ljuset och s\u00e4tter f\u00e4rska blommor vid en sedan l\u00e4nge avliden sl\u00e4ktings grav. Som det kommunala utj\u00e4mningssystemet.\u00a0<\/p>\n<p>Den \u00f6vergripande bilden av det senare \u00e4r, f\u00f6rutom att det \u00e4r of\u00f6rst\u00e5eligt, att det \u00e4r or\u00e4ttvist. I alla fall om man bet\u00e4nker att vinnande storkommuner som Malm\u00f6 stad alltj\u00e4mt har r\u00e5d med i\u00f6gonfallande kommunala excesser (ett exempel fr\u00e5n f\u00f6rra \u00e5ret \u00e4r konstverket Granens Tid f\u00f6r 8 miljoner kronor), medan sm\u00e5kommuner i inlandet k\u00e4mpar p\u00e5 med sina enorma avst\u00e5nd, usla ekonomier och skyh\u00f6ga kommunalskatter. Debatten om denna bel\u00e4genhet brukar drunkna i ljudet av n\u00e5gon sj\u00e4lvgod moderatyngling fr\u00e5n T\u00e4by som tror att allt som inte \u00e4r just T\u00e4by \u00e4r t\u00e4rande lands\u00e4ndar vars styren bara sysslar med sl\u00f6seri av skattemedel.\u00a0<\/p>\n<p aria-disabled=\"true\" class=\"ad__preamble ad-text txt-style-muted txt-ui txt-ui--strong txt-ui-2\">Annons<\/p>\n<p aria-disabled=\"true\" class=\"ad__preamble ad-text txt-style-muted txt-ui txt-ui--strong txt-ui-2\">Annons<\/p>\n<blockquote class=\"article__blockquote\">\n<p class=\"article__blockquote-text txt-headline txt-headline-3\">Bergs kommun skulle med det f\u00f6rslaget f\u00e5 n\u00e4rmare sex miljoner ytterligare att r\u00f6ra sig med j\u00e4mf\u00f6rt med nuvarande regler<\/p>\n<\/blockquote>\n<p>Med det i \u00e5tanke \u00e4r det positivt att regeringen har f\u00f6rst\u00e5tt att gleshet i en kommun inte bara \u00e4r ett resultat av f\u00e5 inv\u00e5nare, utan ocks\u00e5 f\u00e5 inv\u00e5nare relativt en stor yta. Bakgrunden \u00e4r det bet\u00e4nkande som l\u00e4mnades \u00e5r 2024 fr\u00e5n en parlamentarisk kommitt\u00e9, som innefattade en grundl\u00e4ggande \u00f6versyn med f\u00f6r\u00e4ndringsf\u00f6rslag av den kommunala utj\u00e4mningen. Bet\u00e4nkandet innefattande en ers\u00e4ttning f\u00f6r merkostnader f\u00f6r \u00f6vergripande administration f\u00f6r sm\u00e5 kommuner, vilket i sig \u00e4r en l\u00e4mplig ordning d\u00e5 statens krav p\u00e5 kommunal service \u00e4r betungande och dyra f\u00f6r mindre kommuner. Den f\u00f6reslagna ordningen fick emellertid en del styltiga konsekvenser: den ytterst glest befolkade, men sett till inv\u00e5narantal ganska stora, kommunen Vilhelmina ans\u00e5gs ha en betydande besparingspotential n\u00e5gonstans mellan sina fj\u00e4lldalg\u00e5ngar och fick d\u00e4rf\u00f6r mycket l\u00e4gre ers\u00e4ttning \u00e4n alla andra n\u00e4rliggande kommuner.\u00a0<\/p>\n<p>Finansdepartementet arbetar nu om f\u00f6rslagen i bet\u00e4nkandet med tanke p\u00e5 de inkomna remissvaren till en proposition som riksdagen ska f\u00e5 ta st\u00e4llning till n\u00e4sta \u00e5r. Enligt ett nytt f\u00f6rslag, som nu ska remitteras, ska det f\u00f6reslagna till\u00e4gget f\u00f6r administrationskostnader dels bli mera tr\u00e4ffs\u00e4kert, dels h\u00f6jas till 2022 \u00e5rs prisniv\u00e5. Med en annan syn och ber\u00e4kning vad g\u00e4ller gleshet kommer bland annat H\u00e4rjedalen, Str\u00f6msund och \u00c5re kommuner f\u00e5 ett till\u00e4gg f\u00f6r administrationskostnader p\u00e5 2 092 kronor per inv\u00e5nare, medan Ragunda, Br\u00e4cke och Berg f\u00e5r ett \u00e4nnu h\u00f6gre till\u00e4gg om 3\u00a0172 kronor per inv\u00e5nare. Bingo. Bergs kommun skulle med det f\u00f6rslaget f\u00e5 n\u00e4rmare sex miljoner ytterligare att r\u00f6ra sig med j\u00e4mf\u00f6rt med nuvarande regler, Str\u00f6msund \u00f6ver tio miljoner. Mindre roligt blir det f\u00f6r Krokoms kommun, som f\u00f6resl\u00e5s f\u00e5 ett l\u00e4gre administrationstill\u00e4gg. En kommun som visserligen haft det v\u00e4l f\u00f6rsp\u00e4nt med nettoinflyttning p\u00e5 senare \u00e5r, men som knappast har n\u00e5gra fantasieggande konstverk i m\u00e5ngmiljonklassen att spara in p\u00e5.\u00a0<\/p>\n<p aria-disabled=\"true\" class=\"ad__preamble ad-text txt-style-muted txt-ui txt-ui--strong txt-ui-2\">Annons<\/p>\n<p aria-disabled=\"true\" class=\"ad__preamble ad-text txt-style-muted txt-ui txt-ui--strong txt-ui-2\">Annons<\/p>\n<p>Man beh\u00f6ver inte vara den mest radikala sortens norrlandsromantiker (s\u00e5som den politiska vilden Robert Thunfors i Timr\u00e5 som samlat in 2000 namnunderskrifter f\u00f6r norrl\u00e4ndskt sj\u00e4lvstyre) f\u00f6r att tycka att n\u00e5got skaver med utfallet av skattemedlens f\u00f6rdelning. Men i avsaknad av stora, strukturella reformer (som sannolikt aldrig kommer komma) m\u00e5ste de f\u00e5, detaljorienterade vinsterna firas. S\u00e5vida regeringen inte \u00e4ndrar sig igen \u00e4r det l\u00e4ge att skicka en blomsterkvast till \u00c4ngesv\u00e4gen i Svenstavik. Och l\u00e4ge f\u00f6r f\u00f6retr\u00e4darna i Krokom att v\u00e4ssa pennorna under remissf\u00f6rfarandet.\u00a0<\/p>\n","protected":false},"excerpt":{"rendered":"Kommunerna \u00e4r vinnare p\u00e5 det nya skatteutj\u00e4mningssystemet. Detta \u00e4r en opinionstext.Tidningens h\u00e5llning \u00e4r centerpartistisk. \u00d6ppna bild i helsk\u00e4rmsl\u00e4ge&hellip;\n","protected":false},"author":2,"featured_media":75689,"comment_status":"","ping_status":"","sticky":false,"template":"","format":"standard","meta":{"footnotes":""},"categories":[5],"tags":[22,23,26,27,17,21,24,25,28,29,15,16,18,34,31,33,32,30,19,20],"class_list":{"0":"post-75750","1":"post","2":"type-post","3":"status-publish","4":"format-standard","5":"has-post-thumbnail","7":"category-rubriker","8":"tag-breaking-news","9":"tag-breakingnews","10":"tag-featured-news","11":"tag-featurednews","12":"tag-headlines","13":"tag-huvudnyheter","14":"tag-latest-news","15":"tag-latestnews","16":"tag-main-news","17":"tag-mainnews","18":"tag-news","19":"tag-nyheter","20":"tag-rubriker","21":"tag-se","22":"tag-svenska","23":"tag-sverige","24":"tag-sweden","25":"tag-swedish","26":"tag-top-stories","27":"tag-topstories"},"share_on_mastodon":{"url":"https:\/\/pubeurope.com\/@se\/115516971662689651","error":""},"_links":{"self":[{"href":"https:\/\/www.europesays.com\/se\/wp-json\/wp\/v2\/posts\/75750","targetHints":{"allow":["GET"]}}],"collection":[{"href":"https:\/\/www.europesays.com\/se\/wp-json\/wp\/v2\/posts"}],"about":[{"href":"https:\/\/www.europesays.com\/se\/wp-json\/wp\/v2\/types\/post"}],"author":[{"embeddable":true,"href":"https:\/\/www.europesays.com\/se\/wp-json\/wp\/v2\/users\/2"}],"replies":[{"embeddable":true,"href":"https:\/\/www.europesays.com\/se\/wp-json\/wp\/v2\/comments?post=75750"}],"version-history":[{"count":0,"href":"https:\/\/www.europesays.com\/se\/wp-json\/wp\/v2\/posts\/75750\/revisions"}],"wp:featuredmedia":[{"embeddable":true,"href":"https:\/\/www.europesays.com\/se\/wp-json\/wp\/v2\/media\/75689"}],"wp:attachment":[{"href":"https:\/\/www.europesays.com\/se\/wp-json\/wp\/v2\/media?parent=75750"}],"wp:term":[{"taxonomy":"category","embeddable":true,"href":"https:\/\/www.europesays.com\/se\/wp-json\/wp\/v2\/categories?post=75750"},{"taxonomy":"post_tag","embeddable":true,"href":"https:\/\/www.europesays.com\/se\/wp-json\/wp\/v2\/tags?post=75750"}],"curies":[{"name":"wp","href":"https:\/\/api.w.org\/{rel}","templated":true}]}}