{"id":75788,"date":"2025-11-09T03:49:13","date_gmt":"2025-11-09T03:49:13","guid":{"rendered":"https:\/\/www.europesays.com\/se\/75788\/"},"modified":"2025-11-09T03:49:13","modified_gmt":"2025-11-09T03:49:13","slug":"svenska-utslapp-okar-mest-i-eu","status":"publish","type":"post","link":"https:\/\/www.europesays.com\/se\/75788\/","title":{"rendered":"Svenska utsl\u00e4pp \u00f6kar mest i EU"},"content":{"rendered":"<p dir=\"ltr\">Trots vetenskapliga\u00a0<a href=\"https:\/\/www.europaportalen.se\/notis\/2025\/10\/rekordhoga-halter-av-koldioxid-i-atmosfaren-varmer-upp-planeten\" rel=\"nofollow noopener\" target=\"_blank\">larmrapporter<\/a> som v\u00e4djar om kraftfullare klimatarbete fr\u00e5n politikens sida g\u00e5r det tr\u00f6gt med leveransen. Sent omsider blev EU-l\u00e4nderna\u00a0<a href=\"https:\/\/www.europaportalen.se\/2025\/11\/splittrat-eu-kompromissade-om-forsvagat-2040-mal\" rel=\"nofollow noopener\" target=\"_blank\">p\u00e5 onsdagen \u00f6verens<\/a> att, p\u00e5 vissa villkor, minska utsl\u00e4ppen f\u00f6r EU med 90 procent till 2040.\u00a0<\/p>\n<p dir=\"ltr\">Samtidigt p\u00e5 torsdagen kom resultaten fr\u00e5n 2024-\u00e5rs klimatarbete. De visade att\u00a0EU:s nettoutsl\u00e4pp minskade med 2,5 procent till 37,2 procent reducering sedan 1990, p\u00e5\u00a0<a href=\"https:\/\/www.europaportalen.se\/2025\/11\/rapport-eu-pa-ratt-vag-mot-klimatmal-men-transportsektorn-slapar-efter\" rel=\"nofollow noopener\" target=\"_blank\">v\u00e4g mot m\u00e5let<\/a> om 55 procents minskning till 2030.\u00a0<\/p>\n<p dir=\"ltr\">\u2013 Vi \u00e4r p\u00e5 v\u00e4g att n\u00e5 v\u00e5rt klimatm\u00e5l, sade klimatkommission\u00e4r Wopke Hoekstra.\u00a0Det st\u00f6rsta problemomr\u00e5det \u00e4r dock transportsektorn som\u00a0forts\u00e4tter \u00f6ka sina utsl\u00e4pp och \u00e4r nu den enskilt st\u00f6rsta utsl\u00e4ppsk\u00e4llan i EU.<\/p>\n<p dir=\"ltr\">Sverige \u00e4r en del av problemet och \u00f6kade sina utsl\u00e4pp av klimatgaser mest av alla EU-l\u00e4nder, n\u00e4ra 25 procent p\u00e5 ett \u00e5r.\u00a0<\/p>\n<p dir=\"ltr\">Flygplatser i\u00a0<a href=\"https:\/\/www.europaportalen.se\/notis\/2025\/11\/dronare-stangde-flygplatser-i-belgien\" rel=\"nofollow noopener\" target=\"_blank\">Belgien<\/a>,\u00a0<a href=\"https:\/\/www.europaportalen.se\/notis\/2025\/11\/flygstopp-i-hannover-efter-dronarlarm\" rel=\"nofollow noopener\" target=\"_blank\">Tyskland<\/a> och i\u00a0<a href=\"https:\/\/www.europaportalen.se\/notis\/2025\/11\/polis-utreder-sabotage-efter-dronarlarm-pa-landvetter\" rel=\"nofollow noopener\" target=\"_blank\">Landvetter<\/a> tvingades i veckan st\u00e4nga efter larm om dr\u00f6naraktivitet. Samtidigt meddelade\u00a0<a href=\"https:\/\/www.europaportalen.se\/notis\/2025\/11\/polen-och-rumanien-starker-dronarforsvar\" rel=\"nofollow noopener\" target=\"_blank\">Polen och Rum\u00e4nien<\/a> att de nu s\u00e4tter in det amerikanska AI-systemet Merops f\u00f6r att m\u00f6ta hotet fr\u00e5n ryska dr\u00f6nare l\u00e4ngs Natos \u00f6stflank.<\/p>\n<p dir=\"ltr\"><strong>Det kan ocks\u00e5 noteras<\/strong>:<\/p>\n<p dir=\"ltr\">\u2026 att EU-kommissionen\u00a0<a href=\"https:\/\/www.europaportalen.se\/2025\/11\/eus-utvidgning-tummen-upp-fyra-lander\" rel=\"nofollow noopener\" target=\"_blank\">ser tydliga framsteg<\/a> i anslutningsf\u00f6rberedelserna i Ukraina, Moldavien, Albanien och Montenegro f\u00f6r att p\u00e5 sikt g\u00e5 med i unionen,<\/p>\n<p dir=\"ltr\">\u2026 att\u00a0<a href=\"https:\/\/www.europaportalen.se\/2025\/11\/kritisk-rapport-eus-rad-om-rattsstaten-ignoreras-systematiskt\" rel=\"nofollow noopener\" target=\"_blank\">en granskning<\/a> beskriver EU-arbetet med r\u00e4ttsstaten som ineffektivt och utan konsekvenser,<\/p>\n<p dir=\"ltr\">\u00a0\u2026 att det svensk-ukrainska f\u00f6rsvarssamarbetet forts\u00e4tter att f\u00f6rdjupas efter den stora\u00a0<a href=\"https:\/\/www.europaportalen.se\/notis\/2025\/10\/ukraina-vill-kopa-stort-antal-jas-gripen\" rel=\"nofollow noopener\" target=\"_blank\">JAS-aff\u00e4ren<\/a>, nu med\u00a0ett\u00a0<a href=\"https:\/\/www.europaportalen.se\/notis\/2025\/11\/sverige-och-ukraina-i-nytt-forsvarssamarbete\" rel=\"nofollow noopener\" target=\"_blank\">gemensamt centrum<\/a> f\u00f6r f\u00f6rsvarsinnovation i Kiev f\u00f6r att utveckla nya vapen.<\/p>\n","protected":false},"excerpt":{"rendered":"Trots vetenskapliga\u00a0larmrapporter som v\u00e4djar om kraftfullare klimatarbete fr\u00e5n politikens sida g\u00e5r det tr\u00f6gt med leveransen. Sent omsider blev&hellip;\n","protected":false},"author":2,"featured_media":75789,"comment_status":"","ping_status":"","sticky":false,"template":"","format":"standard","meta":{"footnotes":""},"categories":[12],"tags":[22,23,26,27,17,21,24,25,28,29,15,16,18,34,31,33,32,30,19,20],"class_list":{"0":"post-75788","1":"post","2":"type-post","3":"status-publish","4":"format-standard","5":"has-post-thumbnail","7":"category-sverige","8":"tag-breaking-news","9":"tag-breakingnews","10":"tag-featured-news","11":"tag-featurednews","12":"tag-headlines","13":"tag-huvudnyheter","14":"tag-latest-news","15":"tag-latestnews","16":"tag-main-news","17":"tag-mainnews","18":"tag-news","19":"tag-nyheter","20":"tag-rubriker","21":"tag-se","22":"tag-svenska","23":"tag-sverige","24":"tag-sweden","25":"tag-swedish","26":"tag-top-stories","27":"tag-topstories"},"share_on_mastodon":{"url":"https:\/\/pubeurope.com\/@se\/115517703029366142","error":""},"_links":{"self":[{"href":"https:\/\/www.europesays.com\/se\/wp-json\/wp\/v2\/posts\/75788","targetHints":{"allow":["GET"]}}],"collection":[{"href":"https:\/\/www.europesays.com\/se\/wp-json\/wp\/v2\/posts"}],"about":[{"href":"https:\/\/www.europesays.com\/se\/wp-json\/wp\/v2\/types\/post"}],"author":[{"embeddable":true,"href":"https:\/\/www.europesays.com\/se\/wp-json\/wp\/v2\/users\/2"}],"replies":[{"embeddable":true,"href":"https:\/\/www.europesays.com\/se\/wp-json\/wp\/v2\/comments?post=75788"}],"version-history":[{"count":0,"href":"https:\/\/www.europesays.com\/se\/wp-json\/wp\/v2\/posts\/75788\/revisions"}],"wp:featuredmedia":[{"embeddable":true,"href":"https:\/\/www.europesays.com\/se\/wp-json\/wp\/v2\/media\/75789"}],"wp:attachment":[{"href":"https:\/\/www.europesays.com\/se\/wp-json\/wp\/v2\/media?parent=75788"}],"wp:term":[{"taxonomy":"category","embeddable":true,"href":"https:\/\/www.europesays.com\/se\/wp-json\/wp\/v2\/categories?post=75788"},{"taxonomy":"post_tag","embeddable":true,"href":"https:\/\/www.europesays.com\/se\/wp-json\/wp\/v2\/tags?post=75788"}],"curies":[{"name":"wp","href":"https:\/\/api.w.org\/{rel}","templated":true}]}}