{"id":75793,"date":"2025-11-09T04:07:20","date_gmt":"2025-11-09T04:07:20","guid":{"rendered":"https:\/\/www.europesays.com\/se\/75793\/"},"modified":"2025-11-09T04:07:20","modified_gmt":"2025-11-09T04:07:20","slug":"aldsta-grabben-brot-ihop-nerikes-allehanda","status":"publish","type":"post","link":"https:\/\/www.europesays.com\/se\/75793\/","title":{"rendered":"\u201d\u00c4ldsta grabben br\u00f6t ihop\u201d \u2013 Nerikes Allehanda"},"content":{"rendered":"<p>Det har varit en el\u00e4ndig s\u00e4song.<\/p>\n<p>\u00d6SK v\u00e4grade vinna, l\u00e4nge och v\u00e4l. Men till sist lossnade n\u00e5got.<\/p>\n<p>Och n\u00e4r ett kryss var n\u00f6dv\u00e4ndigt kvitterade Samuel Kroon p\u00e5 \u00f6vertid i Trelleborg. I sista omg\u00e5ngen. Andn\u00f6d.<\/p>\n<p>\u2013 Det h\u00e4r var den f\u00f6rsta av tre finaler. Nu \u00e4r det tv\u00e5 kvar. Vi har ett jobb kvar framf\u00f6r oss, s\u00e4ger kaptenen Kalle Holmberg. <\/p>\n<p>Det \u00e4r tjo och tjim, det sjungs och det skriks. Och Kalle Holmberg f\u00e5r f\u00f6rs\u00f6ka beskriva k\u00e4nslan efter en obeskrivlig uppl\u00f6sning.<\/p>\n<p>Tekniskt fel<\/p>\n<p class=\"message__text txt-ui txt-ui-2\">V\u00e4nligen f\u00f6rs\u00f6k igen senare.<\/p>\n<p>Den h\u00e4r artikeln \u00e4r bara f\u00f6r prenumeranter<\/p>\n<p class=\"txt-body txt-body-1\">Om du redan \u00e4r prenumerant: logga in!<\/p>\n","protected":false},"excerpt":{"rendered":"Det har varit en el\u00e4ndig s\u00e4song. \u00d6SK v\u00e4grade vinna, l\u00e4nge och v\u00e4l. Men till sist lossnade n\u00e5got. Och&hellip;\n","protected":false},"author":2,"featured_media":75794,"comment_status":"","ping_status":"","sticky":false,"template":"","format":"standard","meta":{"footnotes":""},"categories":[5],"tags":[22,23,26,27,17,21,24,25,28,29,15,16,18,34,31,33,32,30,19,20],"class_list":{"0":"post-75793","1":"post","2":"type-post","3":"status-publish","4":"format-standard","5":"has-post-thumbnail","7":"category-rubriker","8":"tag-breaking-news","9":"tag-breakingnews","10":"tag-featured-news","11":"tag-featurednews","12":"tag-headlines","13":"tag-huvudnyheter","14":"tag-latest-news","15":"tag-latestnews","16":"tag-main-news","17":"tag-mainnews","18":"tag-news","19":"tag-nyheter","20":"tag-rubriker","21":"tag-se","22":"tag-svenska","23":"tag-sverige","24":"tag-sweden","25":"tag-swedish","26":"tag-top-stories","27":"tag-topstories"},"share_on_mastodon":{"url":"https:\/\/pubeurope.com\/@se\/115517773770272300","error":""},"_links":{"self":[{"href":"https:\/\/www.europesays.com\/se\/wp-json\/wp\/v2\/posts\/75793","targetHints":{"allow":["GET"]}}],"collection":[{"href":"https:\/\/www.europesays.com\/se\/wp-json\/wp\/v2\/posts"}],"about":[{"href":"https:\/\/www.europesays.com\/se\/wp-json\/wp\/v2\/types\/post"}],"author":[{"embeddable":true,"href":"https:\/\/www.europesays.com\/se\/wp-json\/wp\/v2\/users\/2"}],"replies":[{"embeddable":true,"href":"https:\/\/www.europesays.com\/se\/wp-json\/wp\/v2\/comments?post=75793"}],"version-history":[{"count":0,"href":"https:\/\/www.europesays.com\/se\/wp-json\/wp\/v2\/posts\/75793\/revisions"}],"wp:featuredmedia":[{"embeddable":true,"href":"https:\/\/www.europesays.com\/se\/wp-json\/wp\/v2\/media\/75794"}],"wp:attachment":[{"href":"https:\/\/www.europesays.com\/se\/wp-json\/wp\/v2\/media?parent=75793"}],"wp:term":[{"taxonomy":"category","embeddable":true,"href":"https:\/\/www.europesays.com\/se\/wp-json\/wp\/v2\/categories?post=75793"},{"taxonomy":"post_tag","embeddable":true,"href":"https:\/\/www.europesays.com\/se\/wp-json\/wp\/v2\/tags?post=75793"}],"curies":[{"name":"wp","href":"https:\/\/api.w.org\/{rel}","templated":true}]}}