{"id":75891,"date":"2025-11-09T07:32:21","date_gmt":"2025-11-09T07:32:21","guid":{"rendered":"https:\/\/www.europesays.com\/se\/75891\/"},"modified":"2025-11-09T07:32:21","modified_gmt":"2025-11-09T07:32:21","slug":"gisslan-rom-braslavski-sexuellt-vald-svalt-och-stenar-i-oronen-varlden","status":"publish","type":"post","link":"https:\/\/www.europesays.com\/se\/75891\/","title":{"rendered":"Gisslan Rom Braslavski: Sexuellt v\u00e5ld, sv\u00e4lt och stenar i \u00f6ronen | V\u00e4rlden"},"content":{"rendered":"<p>Den tidigare gisslan Rom Braslavski vittnar om sexuella \u00f6vergrepp och grovt v\u00e5ld under tiden i Gazaremsan.<\/p>\n<p>\u2013 M\u00e5let var att krossa min v\u00e4rdighet, s\u00e4ger han till israeliska Reshet 13.<\/p>\n<p><img   alt=\"\"\/><\/p>\n<p>Rom Braslavski sl\u00e4pptes i oktober efter att ha varit kidnappad i Gaza.<\/p>\n<p>Foto: ZIV KOREN \/ POLARIS POLARIS IMAGES<\/p>\n<p>\u00d6ppna bild i helsk\u00e4rm<img loading=\"lazy\"   alt=\"\"\/><\/p>\n<p>Den 13 oktober k\u00f6rs Rom Braslavski till ett sjukhus i Tel Aviv efter at ha sl\u00e4pts.<\/p>\n<p>Foto: ATEF SAFADI \/ EPA<\/p>\n<p>\u00d6ppna bild i helsk\u00e4rm<img loading=\"lazy\"   alt=\"\"\/><\/p>\n<p>Flera i Hamas gisslan sl\u00e4pptes i oktober efter \u00f6verenskommelse.<\/p>\n<p>Foto: ZIV KOREN \/ POLARIS POLARIS IMAGES<\/p>\n<p>\u00d6ppna bild i helsk\u00e4rm<\/p>\n<p>Rom Braslavski, som sl\u00e4pptes i oktober efter \u00f6ver tv\u00e5 \u00e5r i f\u00e5ngenskap, \u00e4r den f\u00f6rsta manliga gisslan som s\u00e4ger sig ha utsatts f\u00f6r sexuellt v\u00e5ld efter att ha f\u00f6rts bort under terrorattacken mot <a href=\"https:\/\/www.expressen.se\/tagg\/location\/israel\/\" class=\"\" rel=\"nofollow noopener\" target=\"_blank\">Israel<\/a> 7 oktober 2023.<\/p>\n<p>F\u00f6r israelisk tv beskriver han f\u00f6rnedrande, tortyrliknande behandling \u00e4mnad \u201datt f\u00f6r\u00f6dmjuka\u201d honom.<\/p>\n<p>\u2013 De kl\u00e4dde av mig alla mina kl\u00e4der, mina underkl\u00e4der, allting. De band fast mig medan jag var helt naken. Jag var trasig, d\u00f6ende, utan mat.<\/p>\n<p>\u2013 M\u00e5let var att krossa min v\u00e4rdighet. Och det var precis vad de gjorde.<\/p>\n<p>Stenar i \u00f6ronen<\/p>\n<p>Braslavski var ledig fr\u00e5n sin milit\u00e4rtj\u00e4nstg\u00f6ring och jobbade som vakt p\u00e5 musikfestivalen Nova n\u00e4r palestinska extremister gick till attack mot Israel den 7 oktober 2023. F\u00f6r fyra veckor sedan ingick han i den sista gruppen med gisslantagna israeler som sl\u00e4pptes vid liv fr\u00e5n Gazaremsan.<\/p>\n<p>Enligt Braslavski, som h\u00f6lls av Hamasallierade Islamiska jihad i Gaza, f\u00f6rv\u00e4rrades situationen drastiskt i mars \u2013 sedan den d\u00e5varande vapenvilan kollapsat och 21-\u00e5ringen v\u00e4grat att konvertera till islam.<\/p>\n<p>I tre veckor tvingades han ha f\u00f6rbundna \u00f6gon, fick stenar intryckta i \u00f6ronen och gavs allt mindre mat och dryck, s\u00e4ger han.<\/p>\n<p>\u201dGick in i en loop\u201d<\/p>\n<p>Sedan uppges hans kidnappare ha f\u00e5tt order om att tortera honom. Flera g\u00e5nger om dagen bands han fast, misshandlades och piskades med en kabel. D\u00e4refter inleddes de sexuella \u00f6vergreppen, uppger Braslavski f\u00f6r Reshet 13.<\/p>\n<p>\u2013 Jag gick in i en loop som jag tvivlade p\u00e5 att jag skulle komma ur levande, s\u00e4ger han.<\/p>\n<p>Minst fyra frisl\u00e4ppta kvinnliga gisslan har tidigare vittnat om sexuellt v\u00e5ld under f\u00e5ngenskapen i Gaza, rapporterar Reuters. Islamiska jihad nekar enligt nyhetsbyr\u00e5n till anklagelserna.<\/p>\n","protected":false},"excerpt":{"rendered":"Den tidigare gisslan Rom Braslavski vittnar om sexuella \u00f6vergrepp och grovt v\u00e5ld under tiden i Gazaremsan. \u2013 M\u00e5let&hellip;\n","protected":false},"author":2,"featured_media":75892,"comment_status":"","ping_status":"","sticky":false,"template":"","format":"standard","meta":{"footnotes":""},"categories":[14],"tags":[22,23,26,27,17,21,24,25,58,4734,28,29,15,1552,16,1806,18,34,55,31,33,32,30,19,145,20,51,52,53,54],"class_list":{"0":"post-75891","1":"post","2":"type-post","3":"status-publish","4":"format-standard","5":"has-post-thumbnail","7":"category-varlden","8":"tag-breaking-news","9":"tag-breakingnews","10":"tag-featured-news","11":"tag-featurednews","12":"tag-headlines","13":"tag-huvudnyheter","14":"tag-latest-news","15":"tag-latestnews","16":"tag-location-israel","17":"tag-location-tel-aviv","18":"tag-main-news","19":"tag-mainnews","20":"tag-news","21":"tag-newsstory-kriget-mellan-hamas-och-israel","22":"tag-nyheter","23":"tag-organization-hamas","24":"tag-rubriker","25":"tag-se","26":"tag-sections-varlden","27":"tag-svenska","28":"tag-sverige","29":"tag-sweden","30":"tag-swedish","31":"tag-top-stories","32":"tag-topic-mat-dryck","33":"tag-topstories","34":"tag-varlden","35":"tag-world","36":"tag-world-news","37":"tag-worldnews"},"share_on_mastodon":{"url":"https:\/\/pubeurope.com\/@se\/115518579880711852","error":""},"_links":{"self":[{"href":"https:\/\/www.europesays.com\/se\/wp-json\/wp\/v2\/posts\/75891","targetHints":{"allow":["GET"]}}],"collection":[{"href":"https:\/\/www.europesays.com\/se\/wp-json\/wp\/v2\/posts"}],"about":[{"href":"https:\/\/www.europesays.com\/se\/wp-json\/wp\/v2\/types\/post"}],"author":[{"embeddable":true,"href":"https:\/\/www.europesays.com\/se\/wp-json\/wp\/v2\/users\/2"}],"replies":[{"embeddable":true,"href":"https:\/\/www.europesays.com\/se\/wp-json\/wp\/v2\/comments?post=75891"}],"version-history":[{"count":0,"href":"https:\/\/www.europesays.com\/se\/wp-json\/wp\/v2\/posts\/75891\/revisions"}],"wp:featuredmedia":[{"embeddable":true,"href":"https:\/\/www.europesays.com\/se\/wp-json\/wp\/v2\/media\/75892"}],"wp:attachment":[{"href":"https:\/\/www.europesays.com\/se\/wp-json\/wp\/v2\/media?parent=75891"}],"wp:term":[{"taxonomy":"category","embeddable":true,"href":"https:\/\/www.europesays.com\/se\/wp-json\/wp\/v2\/categories?post=75891"},{"taxonomy":"post_tag","embeddable":true,"href":"https:\/\/www.europesays.com\/se\/wp-json\/wp\/v2\/tags?post=75891"}],"curies":[{"name":"wp","href":"https:\/\/api.w.org\/{rel}","templated":true}]}}