{"id":75920,"date":"2025-11-09T08:07:21","date_gmt":"2025-11-09T08:07:21","guid":{"rendered":"https:\/\/www.europesays.com\/se\/75920\/"},"modified":"2025-11-09T08:07:21","modified_gmt":"2025-11-09T08:07:21","slug":"ryssland-raknar-med-att-tva-av-tre-dodas","status":"publish","type":"post","link":"https:\/\/www.europesays.com\/se\/75920\/","title":{"rendered":"\u201dRyssland r\u00e4knar med att tv\u00e5 av tre d\u00f6das\u201d"},"content":{"rendered":"<p>Det \u00e4r n\u00e4rmast oundvikligt att Ryssland kommer ta kontroll \u00f6ver staden Pokrovsk i \u00f6stra Ukraina, uppger stridande f\u00f6r CNN. En ukrainsk bataljonschef s\u00e4ger att strider p\u00e5g\u00e5r i stadsk\u00e4rnan och att Ryssland angriper med \u201dalla sorters vapen\u201d. <\/p>\n<p>En soldat s\u00e4ger att Ryssland rycker fram i s\u00e5dan takt att de ukrainska dr\u00f6naroperat\u00f6rerna som f\u00f6rs\u00f6ker f\u00f6rsvara staden inte hinner med. <\/p>\n<p>\u2013 Ryssarna r\u00f6r sig ofta i grupper om tre, med vetskapen om att tv\u00e5 kommer att d\u00f6das.<\/p>\n<p>Medan en rad medier beskrivit Pokrovsk som strategiskt viktig, p\u00e5 grund av stadens v\u00e4g- och j\u00e4rnv\u00e4gsf\u00f6rbindelser, menar CNN att det fr\u00e4mst utvecklats till en symbolisk strid. <\/p>\n<p>Omni \u00e4r politiskt obundna och oberoende. Vi str\u00e4var efter att ge fler perspektiv p\u00e5 nyheterna. Har du fr\u00e5gor eller synpunkter kring v\u00e5r rapportering? <a href=\"https:\/\/omni.se\/tuffa-strider-i-pokrovsk-ryssland-raknar-med-att-tva-av-tre-dodas\/a\/mailto:redaktion@omni.se\" class=\"ArticleActions_contactLink__W2F1M\" rel=\"nofollow noopener\" target=\"_blank\">Kontakta redaktionen<\/a><\/p>\n","protected":false},"excerpt":{"rendered":"Det \u00e4r n\u00e4rmast oundvikligt att Ryssland kommer ta kontroll \u00f6ver staden Pokrovsk i \u00f6stra Ukraina, uppger stridande f\u00f6r&hellip;\n","protected":false},"author":2,"featured_media":75921,"comment_status":"","ping_status":"","sticky":false,"template":"","format":"standard","meta":{"footnotes":""},"categories":[5],"tags":[22,23,267,26,27,17,21,24,25,28,29,15,16,18,269,264,34,31,33,32,30,19,20,263],"class_list":{"0":"post-75920","1":"post","2":"type-post","3":"status-publish","4":"format-standard","5":"has-post-thumbnail","7":"category-rubriker","8":"tag-breaking-news","9":"tag-breakingnews","10":"tag-europa","11":"tag-featured-news","12":"tag-featurednews","13":"tag-headlines","14":"tag-huvudnyheter","15":"tag-latest-news","16":"tag-latestnews","17":"tag-main-news","18":"tag-mainnews","19":"tag-news","20":"tag-nyheter","21":"tag-rubriker","22":"tag-ryska-invasionen","23":"tag-ryssland","24":"tag-se","25":"tag-svenska","26":"tag-sverige","27":"tag-sweden","28":"tag-swedish","29":"tag-top-stories","30":"tag-topstories","31":"tag-ukraina"},"share_on_mastodon":{"url":"https:\/\/pubeurope.com\/@se\/115518717523149571","error":""},"_links":{"self":[{"href":"https:\/\/www.europesays.com\/se\/wp-json\/wp\/v2\/posts\/75920","targetHints":{"allow":["GET"]}}],"collection":[{"href":"https:\/\/www.europesays.com\/se\/wp-json\/wp\/v2\/posts"}],"about":[{"href":"https:\/\/www.europesays.com\/se\/wp-json\/wp\/v2\/types\/post"}],"author":[{"embeddable":true,"href":"https:\/\/www.europesays.com\/se\/wp-json\/wp\/v2\/users\/2"}],"replies":[{"embeddable":true,"href":"https:\/\/www.europesays.com\/se\/wp-json\/wp\/v2\/comments?post=75920"}],"version-history":[{"count":0,"href":"https:\/\/www.europesays.com\/se\/wp-json\/wp\/v2\/posts\/75920\/revisions"}],"wp:featuredmedia":[{"embeddable":true,"href":"https:\/\/www.europesays.com\/se\/wp-json\/wp\/v2\/media\/75921"}],"wp:attachment":[{"href":"https:\/\/www.europesays.com\/se\/wp-json\/wp\/v2\/media?parent=75920"}],"wp:term":[{"taxonomy":"category","embeddable":true,"href":"https:\/\/www.europesays.com\/se\/wp-json\/wp\/v2\/categories?post=75920"},{"taxonomy":"post_tag","embeddable":true,"href":"https:\/\/www.europesays.com\/se\/wp-json\/wp\/v2\/tags?post=75920"}],"curies":[{"name":"wp","href":"https:\/\/api.w.org\/{rel}","templated":true}]}}