{"id":75931,"date":"2025-11-09T08:23:23","date_gmt":"2025-11-09T08:23:23","guid":{"rendered":"https:\/\/www.europesays.com\/se\/75931\/"},"modified":"2025-11-09T08:23:23","modified_gmt":"2025-11-09T08:23:23","slug":"hackens-guldfirande-i-stockholm-ska-fira-som-fan","status":"publish","type":"post","link":"https:\/\/www.europesays.com\/se\/75931\/","title":{"rendered":"H\u00e4ckens guldfirande i Stockholm: \u201dSka fira som fan\u201d"},"content":{"rendered":"<blockquote class=\"sc-ddd94871-1 eYgDSD\">\n<p class=\"sc-c25743f0-0 sc-e37c0145-2 hObFds DQgPn\">Jag hoppas vi ska fira som fan. Vi bodde p\u00e5 n\u00e5got fint hotell s\u00e5 jag hoppas att vi b\u00f6rjar d\u00e4r och sen hamnar n\u00e5gon annanstans, sade Jennifer Falk efter s\u00e4krandet av SM-guldet.<\/p>\n<\/blockquote>\n<p class=\"sc-c25743f0-0 sc-e37c0145-2 hObFds DQgPn\">Firande inleddes redan p\u00e5 planen, innan festen r\u00f6rde sig in i omkl\u00e4dningsrummet.<\/p>\n<p><img decoding=\"async\" loading=\"lazy\" src=\"https:\/\/www.europesays.com\/se\/wp-content\/uploads\/2025\/11\/1762676601_89_\" class=\"sc-73b4da02-4 hiJhTJ\"\/><\/p>\n<p class=\"sc-c25743f0-0 gMtMnA\">H\u00e4cken firar SM-guldet i omkl\u00e4dningsrummet p\u00e5 Kristinebergs IP.<\/p>\n<p><img decoding=\"async\" itemprop=\"contentUrl\" loading=\"lazy\" src=\"https:\/\/www.europesays.com\/se\/wp-content\/uploads\/2025\/11\/1762676601_89_\" alt=\"\" class=\"sc-6521091-0 bNsjRS\"\/>H\u00e4cken firar SM-guldet i omkl\u00e4dningsrummet p\u00e5 Kristinebergs IP.<\/p>\n<p class=\"sc-c25743f0-0 sc-4a1f9703-0 GnxaU hgdzHk\">Foto: Jonas Ekstr\u00f6mer\/TT<\/p>\n<p class=\"sc-c25743f0-0 sc-e37c0145-2 hObFds DQgPn\">Sedan v\u00e4ntade bussresan tillbaka till hotellet.<\/p>\n<p><img decoding=\"async\" loading=\"lazy\" src=\"https:\/\/www.europesays.com\/se\/wp-content\/uploads\/2025\/11\/1762676601_560_\" class=\"sc-73b4da02-4 hiJhTJ\"\/><\/p>\n<p class=\"sc-c25743f0-0 gMtMnA\">H\u00e4cken firar SM-guldet p\u00e5 lagbussen innan avresa till hotellet.<\/p>\n<p><img decoding=\"async\" itemprop=\"contentUrl\" loading=\"lazy\" src=\"https:\/\/www.europesays.com\/se\/wp-content\/uploads\/2025\/11\/1762676601_560_\" alt=\"\" class=\"sc-6521091-0 bNsjRS\"\/>H\u00e4cken firar SM-guldet p\u00e5 lagbussen innan avresa till hotellet.<\/p>\n<p class=\"sc-c25743f0-0 sc-4a1f9703-0 GnxaU hgdzHk\">Foto: Jonas Ekstr\u00f6mer\/TT<\/p>\n<p class=\"sc-c25743f0-0 sc-e37c0145-2 hObFds DQgPn\">V\u00e4l p\u00e5 hotellet v\u00e4ntade guldmiddagen.<\/p>\n<p><img decoding=\"async\" loading=\"lazy\" src=\"https:\/\/www.europesays.com\/se\/wp-content\/uploads\/2025\/11\/1762676602_131_\" class=\"sc-73b4da02-4 hiJhTJ\"\/><\/p>\n<p class=\"sc-c25743f0-0 gMtMnA\">H\u00e4cken-spelare sk\u00e5lar under guldmiddagen p\u00e5 ett hotell i Stockholm.<\/p>\n<p><img decoding=\"async\" itemprop=\"contentUrl\" loading=\"lazy\" src=\"https:\/\/www.europesays.com\/se\/wp-content\/uploads\/2025\/11\/1762676602_131_\" alt=\"\" class=\"sc-6521091-0 bNsjRS\"\/>H\u00e4cken-spelare sk\u00e5lar under guldmiddagen p\u00e5 ett hotell i Stockholm.<\/p>\n<p class=\"sc-c25743f0-0 sc-4a1f9703-0 GnxaU hgdzHk\">Foto: Jonas Ekstr\u00f6mer\/TT<\/p>\n<blockquote class=\"sc-ddd94871-1 eYgDSD\">\n<p class=\"sc-c25743f0-0 sc-e37c0145-2 hObFds DQgPn\">Vi har m\u00e5nga som \u00e4r b\u00e4st p\u00e5 fest. Just nu k\u00e4nns det som att Wiken (Hanna Wijk) \u00e4r j\u00e4vligt taggad p\u00e5 att vara b\u00e4st p\u00e5 fest, sade Jennifer Falk om vem som kommer ta taktpinnen under firandet efter guldmatchen.<\/p>\n<\/blockquote>\n<blockquote class=\"sc-ddd94871-1 eYgDSD\">\n<p class=\"sc-c25743f0-0 sc-e37c0145-2 hObFds DQgPn\">\u201cMonne\u201d (Monica Jusu Bah) och \u201cFelle\u201d (Felicia Schr\u00f6der) styr ju upp dansen. Jag tror det \u00e4r m\u00e5nga som kommer vara otroliga i dag faktiskt. Jag b\u00f6rjar l\u00e5ngsamt och s\u00e5 kommer jag ig\u00e5ng som fan sen.<\/p>\n<\/blockquote>\n<p class=\"sc-c25743f0-0 sc-e37c0145-2 hObFds DQgPn\">SM-guldet \u00e4r H\u00e4ckens andra i klubbens historia. Det f\u00f6rsta guldet togs 2020, d\u00e5 som G\u00f6teborg FC.<\/p>\n<p><img decoding=\"async\" loading=\"lazy\" src=\"https:\/\/www.europesays.com\/se\/wp-content\/uploads\/2025\/11\/1762676602_752_\" class=\"sc-73b4da02-4 hiJhTJ\"\/><\/p>\n<p class=\"sc-c25743f0-0 gMtMnA\">H\u00e4ckens klubbchef Marcus Jodin talar under guldmiddagen n\u00e4r laget firar SM-guldet.<\/p>\n<p><img decoding=\"async\" itemprop=\"contentUrl\" loading=\"lazy\" src=\"https:\/\/www.europesays.com\/se\/wp-content\/uploads\/2025\/11\/1762676602_752_\" alt=\"\" class=\"sc-6521091-0 bNsjRS\"\/>H\u00e4ckens klubbchef Marcus Jodin talar under guldmiddagen n\u00e4r laget firar SM-guldet.<\/p>\n<p class=\"sc-c25743f0-0 sc-4a1f9703-0 GnxaU hgdzHk\">Foto: Jonas Ekstr\u00f6mer\/TT<\/p>\n<p><img decoding=\"async\" loading=\"lazy\" src=\"https:\/\/www.europesays.com\/se\/wp-content\/uploads\/2025\/11\/1762676603_573_\" class=\"sc-73b4da02-4 hiJhTJ\"\/><\/p>\n<p class=\"sc-c25743f0-0 gMtMnA\">H\u00e4cken under guldmiddagen n\u00e4r laget firar SM-guldet.<\/p>\n<p><img decoding=\"async\" itemprop=\"contentUrl\" loading=\"lazy\" src=\"https:\/\/www.europesays.com\/se\/wp-content\/uploads\/2025\/11\/1762676603_573_\" alt=\"\" class=\"sc-6521091-0 bNsjRS\"\/>H\u00e4cken under guldmiddagen n\u00e4r laget firar SM-guldet.<\/p>\n<p class=\"sc-c25743f0-0 sc-4a1f9703-0 GnxaU hgdzHk\">Foto: Jonas Ekstr\u00f6mer\/TT<\/p>\n<p><img decoding=\"async\" loading=\"lazy\" src=\"https:\/\/www.europesays.com\/se\/wp-content\/uploads\/2025\/11\/1762676603_263_\" class=\"sc-73b4da02-4 hiJhTJ\"\/><\/p>\n<p class=\"sc-c25743f0-0 gMtMnA\">BK H\u00e4cken under guldmiddag n\u00e4r laget firar SM-guld efter l\u00f6rdagens fotbollsmatch i damallsvenskan mellan Djurg\u00e5rden och BK H\u00e4cken FF som slutade 0-2 p\u00e5 Kristinebergs IP.<\/p>\n<p><img decoding=\"async\" itemprop=\"contentUrl\" loading=\"lazy\" src=\"https:\/\/www.europesays.com\/se\/wp-content\/uploads\/2025\/11\/1762676603_263_\" alt=\"\" class=\"sc-6521091-0 bNsjRS\"\/>BK H\u00e4cken under guldmiddag n\u00e4r laget firar SM-guld efter l\u00f6rdagens fotbollsmatch i damallsvenskan mellan Djurg\u00e5rden och BK H\u00e4cken FF som slutade 0-2 p\u00e5 Kristinebergs IP.<\/p>\n<p class=\"sc-c25743f0-0 sc-4a1f9703-0 GnxaU hgdzHk\">Foto: Jonas Ekstr\u00f6mer\/TT<\/p>\n","protected":false},"excerpt":{"rendered":"Jag hoppas vi ska fira som fan. Vi bodde p\u00e5 n\u00e5got fint hotell s\u00e5 jag hoppas att vi&hellip;\n","protected":false},"author":2,"featured_media":75932,"comment_status":"","ping_status":"","sticky":false,"template":"","format":"standard","meta":{"footnotes":""},"categories":[5],"tags":[22,23,26,27,17,21,24,25,28,29,15,16,18,34,31,33,32,30,19,20],"class_list":{"0":"post-75931","1":"post","2":"type-post","3":"status-publish","4":"format-standard","5":"has-post-thumbnail","7":"category-rubriker","8":"tag-breaking-news","9":"tag-breakingnews","10":"tag-featured-news","11":"tag-featurednews","12":"tag-headlines","13":"tag-huvudnyheter","14":"tag-latest-news","15":"tag-latestnews","16":"tag-main-news","17":"tag-mainnews","18":"tag-news","19":"tag-nyheter","20":"tag-rubriker","21":"tag-se","22":"tag-svenska","23":"tag-sverige","24":"tag-sweden","25":"tag-swedish","26":"tag-top-stories","27":"tag-topstories"},"share_on_mastodon":{"url":"https:\/\/pubeurope.com\/@se\/115518780627742631","error":""},"_links":{"self":[{"href":"https:\/\/www.europesays.com\/se\/wp-json\/wp\/v2\/posts\/75931","targetHints":{"allow":["GET"]}}],"collection":[{"href":"https:\/\/www.europesays.com\/se\/wp-json\/wp\/v2\/posts"}],"about":[{"href":"https:\/\/www.europesays.com\/se\/wp-json\/wp\/v2\/types\/post"}],"author":[{"embeddable":true,"href":"https:\/\/www.europesays.com\/se\/wp-json\/wp\/v2\/users\/2"}],"replies":[{"embeddable":true,"href":"https:\/\/www.europesays.com\/se\/wp-json\/wp\/v2\/comments?post=75931"}],"version-history":[{"count":0,"href":"https:\/\/www.europesays.com\/se\/wp-json\/wp\/v2\/posts\/75931\/revisions"}],"wp:featuredmedia":[{"embeddable":true,"href":"https:\/\/www.europesays.com\/se\/wp-json\/wp\/v2\/media\/75932"}],"wp:attachment":[{"href":"https:\/\/www.europesays.com\/se\/wp-json\/wp\/v2\/media?parent=75931"}],"wp:term":[{"taxonomy":"category","embeddable":true,"href":"https:\/\/www.europesays.com\/se\/wp-json\/wp\/v2\/categories?post=75931"},{"taxonomy":"post_tag","embeddable":true,"href":"https:\/\/www.europesays.com\/se\/wp-json\/wp\/v2\/tags?post=75931"}],"curies":[{"name":"wp","href":"https:\/\/api.w.org\/{rel}","templated":true}]}}