{"id":76363,"date":"2025-11-09T18:52:09","date_gmt":"2025-11-09T18:52:09","guid":{"rendered":"https:\/\/www.europesays.com\/se\/76363\/"},"modified":"2025-11-09T18:52:09","modified_gmt":"2025-11-09T18:52:09","slug":"sverige-vann-rivalmotet-med-finland-i-euro-hockey-tour","status":"publish","type":"post","link":"https:\/\/www.europesays.com\/se\/76363\/","title":{"rendered":"Sverige vann rivalm\u00f6tet med Finland i Euro hockey tour"},"content":{"rendered":"<p>Det svenska ishockeylandslaget inleder \u00e5rets Euro Hockey Tour-s\u00e4song som man avslutade den f\u00f6rra \u2013 med turneringsseger.<\/p>\n<p>D\u00e5, i b\u00f6rjan av maj, vann Tre Kronor Czech Hockey Games.<\/p>\n<p>I den h\u00e4r s\u00e4songens f\u00f6rsta landslagsturnering inledde Tre Kronor med 3\u20131 mot Tjeckien i \u00c4ngelholm och f\u00f6ljde sedan upp med hela 8\u20133 mot Schweiz i Tammerfors.<\/p>\n<p>P\u00e5 s\u00f6ndagen blev det sedan seger med 4\u20132 mot Finland, \u00e4rkerivalen som Sverige hade s\u00e5 sv\u00e5rt mot f\u00f6rra s\u00e4songen. D\u00e5 vann Finland sju av tio matcher.<\/p>\n<p><strong>Sverige inledde matchen b\u00e4st<\/strong> och hade en 2\u20131-ledning efter f\u00f6rsta perioden. Jesper Fr\u00f6d\u00e9n, som svarade f\u00f6r fem po\u00e4ng mot Schweiz, satte det f\u00f6rsta och Marcus S\u00f6rensen det andra. Finlands reducering kom i sista minuten, Toni Rajala m\u00e5lskytt.<\/p>\n<p>Finland tog kommandot i den andra perioden d\u00e5 Rasmus Rissanen skickade in 2\u20132 bakom Arvid Holm i det svenska m\u00e5let halvv\u00e4gs in i perioden.<\/p>\n<p>Sverige stod sedan emot tv\u00e5 finl\u00e4ndska numer\u00e4ra \u00f6verl\u00e4gen.<\/p>\n<p>I femte minuten i tredje perioden gjorde Rasmus Asplund 3\u20132. Och med knappt 1,5 minut kvar av matchen satte Fredrik Olofsson 4\u20132 i tom bur.<\/p>\n<p>I och med segern vann Sverige turneringen \u00f6verl\u00e4gset p\u00e5 nio po\u00e4ng och 15\u20136 i m\u00e5lskillnad. \u00d6vriga lag vann varsin match.<\/p>\n<p>N\u00e4sta turnering i fyrnationsturneringen spelas i Schweiz den 11\u201314 december.<\/p>\n","protected":false},"excerpt":{"rendered":"Det svenska ishockeylandslaget inleder \u00e5rets Euro Hockey Tour-s\u00e4song som man avslutade den f\u00f6rra \u2013 med turneringsseger. D\u00e5, i&hellip;\n","protected":false},"author":2,"featured_media":76364,"comment_status":"","ping_status":"","sticky":false,"template":"","format":"standard","meta":{"footnotes":""},"categories":[5],"tags":[22,23,26,27,17,21,24,25,28,29,15,16,18,34,31,33,32,30,19,20],"class_list":{"0":"post-76363","1":"post","2":"type-post","3":"status-publish","4":"format-standard","5":"has-post-thumbnail","7":"category-rubriker","8":"tag-breaking-news","9":"tag-breakingnews","10":"tag-featured-news","11":"tag-featurednews","12":"tag-headlines","13":"tag-huvudnyheter","14":"tag-latest-news","15":"tag-latestnews","16":"tag-main-news","17":"tag-mainnews","18":"tag-news","19":"tag-nyheter","20":"tag-rubriker","21":"tag-se","22":"tag-svenska","23":"tag-sverige","24":"tag-sweden","25":"tag-swedish","26":"tag-top-stories","27":"tag-topstories"},"share_on_mastodon":{"url":"https:\/\/pubeurope.com\/@se\/115521253718903468","error":""},"_links":{"self":[{"href":"https:\/\/www.europesays.com\/se\/wp-json\/wp\/v2\/posts\/76363","targetHints":{"allow":["GET"]}}],"collection":[{"href":"https:\/\/www.europesays.com\/se\/wp-json\/wp\/v2\/posts"}],"about":[{"href":"https:\/\/www.europesays.com\/se\/wp-json\/wp\/v2\/types\/post"}],"author":[{"embeddable":true,"href":"https:\/\/www.europesays.com\/se\/wp-json\/wp\/v2\/users\/2"}],"replies":[{"embeddable":true,"href":"https:\/\/www.europesays.com\/se\/wp-json\/wp\/v2\/comments?post=76363"}],"version-history":[{"count":0,"href":"https:\/\/www.europesays.com\/se\/wp-json\/wp\/v2\/posts\/76363\/revisions"}],"wp:featuredmedia":[{"embeddable":true,"href":"https:\/\/www.europesays.com\/se\/wp-json\/wp\/v2\/media\/76364"}],"wp:attachment":[{"href":"https:\/\/www.europesays.com\/se\/wp-json\/wp\/v2\/media?parent=76363"}],"wp:term":[{"taxonomy":"category","embeddable":true,"href":"https:\/\/www.europesays.com\/se\/wp-json\/wp\/v2\/categories?post=76363"},{"taxonomy":"post_tag","embeddable":true,"href":"https:\/\/www.europesays.com\/se\/wp-json\/wp\/v2\/tags?post=76363"}],"curies":[{"name":"wp","href":"https:\/\/api.w.org\/{rel}","templated":true}]}}