{"id":76399,"date":"2025-11-09T19:54:51","date_gmt":"2025-11-09T19:54:51","guid":{"rendered":"https:\/\/www.europesays.com\/se\/76399\/"},"modified":"2025-11-09T19:54:51","modified_gmt":"2025-11-09T19:54:51","slug":"sofias-hemmagympa-far-nya-avsnitt-2","status":"publish","type":"post","link":"https:\/\/www.europesays.com\/se\/76399\/","title":{"rendered":"\u201dSofias hemmagympa\u201d f\u00e5r nya avsnitt"},"content":{"rendered":"<p>Publicerad 8 nov 2025 kl 12.30<\/p>\n<p>Att \u201dSofias hemmagympa\u201d enbart skulle s\u00e4ndas som repriser fick tittarna att rasa.\u00a0<\/p>\n<p>Nu backar SVT och g\u00f6r nya avsnitt av programmet.\u00a0<\/p>\n<p>\u2013 Det \u00e4r minst sagt p\u00e5 allm\u00e4n beg\u00e4ran, s\u00e4ger SVT:s programbest\u00e4llare Anton Glanzelius.\u00a0<\/p>\n<p><img   alt=\"\"\/><\/p>\n<p>Sofia \u00c5hman.<\/p>\n<p>Foto: TOMAS OLSSON \/ SVT<\/p>\n<p>\u00d6ppna bild i helsk\u00e4rm<img loading=\"lazy\"   alt=\"\"\/><\/p>\n<p>Sofia \u00c5hman n\u00e4r hon vann en Kristall f\u00f6r \u201dHemmagympa med Sofia\u201d<\/p>\n<p>Foto: Karin T\u00f6rnblom \/ IBL<\/p>\n<p>\u00d6ppna bild i helsk\u00e4rm<\/p>\n<p>I somras meddelade <a href=\"https:\/\/www.expressen.se\/tagg\/organization\/svt\/\" class=\"\" rel=\"nofollow noopener\" target=\"_blank\">SVT<\/a> att det popul\u00e4ra tr\u00e4ningsprogrammet med Sofia \u00c5hman endast skulle s\u00e4ndas som repriser \u2013 n\u00e5gra nya avsnitt planerades inte.<\/p>\n<p>Nyheten togs inte v\u00e4l emot av tittarna och nu har SVT lyssnat p\u00e5 kritiken och spelar in nya avsnitt.\u00a0<\/p>\n<p>Efterfr\u00e5gat<\/p>\n<p>Enligt Anton Glanzelius h\u00f6r tittare av sig dagligen och efterfr\u00e5gar nya avsnitt.<\/p>\n<p>\u2013 Jag jobbar med de st\u00f6rsta programmen som Sverige har att erbjuda, men \u201dHemmagympa med Sofia\u201d \u00e4r ett av de absolut mest efterfr\u00e5gade, s\u00e4ger han.\u00a0<\/p>\n<p>\u201dHemmagympa med Sofia\u201d b\u00f6rjade s\u00e4ndas under pandemin, d\u00e5 Sofia \u00c5hman tipsade publiken om enklare tr\u00e4nings\u00f6vningar i hemmamilj\u00f6.\u00a0<\/p>\n<p>Att programmet skulle bli s\u00e5 stort kunde ingen, allra minst cheferna p\u00e5 SVT, ana:<\/p>\n<p>\u2013 Vi hade ju ingen aning om hur l\u00e4nge pandemin skulle p\u00e5g\u00e5. Det enda vi visste var att Sverige och hela v\u00e4rlden i princip befann sig inl\u00e5sta i sina hem, och hur skulle vi kunna stimulera dem? D\u00e5 blev Sofias s\u00e4tt att tr\u00e4na \u2013 med hj\u00e4lp av en stol, en kudde, en matta, en v\u00e4gg \u2013 oerh\u00f6rt tillg\u00e4ngligt, s\u00e4ger Glanzelius.\u00a0<\/p>\n<p>Sofia \u00c5hman f\u00e5r \u00e4ven hon n\u00e4stan dagligen kommentarer fr\u00e5n tittare som uppskattar hennes program.\u00a0<\/p>\n<p>\u2013 Det \u00e4r helt fantastiskt roligt, och s\u00e5 h\u00e4ftigt f\u00f6r det \u00e4r ett s\u00e5dant enkelt program. Det \u00e4r en kamera och jag, ingen musik och inga h\u00e4ftiga k\u00e4ndisar. Och ingen r\u00f6stas ut, s\u00e4ger hon.<\/p>\n<p>Tittarna kan p\u00e5verka<\/p>\n<p>Nu ska 20 nya avsnitt av programmet spelas in, f\u00f6r att s\u00e4ndas n\u00e5gon g\u00e5ng under v\u00e5ren. Sofia \u00c5hman uppmanar tittarna att komma med \u00f6nskem\u00e5l om vad man vill att de nya avsnitten ska inneh\u00e5lla:<\/p>\n<p>\u2013 Man kanske har saknat n\u00e5got i de program som redan finns! Det \u00e4r ju m\u00e5nga som har gympat och kanske har man k\u00e4nt att det skulle vara kul att ha mer av n\u00e5got, d\u00e5 har man chansen nu, s\u00e4ger hon.\u00a0<\/p>\n","protected":false},"excerpt":{"rendered":"Publicerad 8 nov 2025 kl 12.30 Att \u201dSofias hemmagympa\u201d enbart skulle s\u00e4ndas som repriser fick tittarna att rasa.\u00a0&hellip;\n","protected":false},"author":2,"featured_media":76400,"comment_status":"","ping_status":"","sticky":false,"template":"","format":"standard","meta":{"footnotes":""},"categories":[67],"tags":[104,361,34,645,31,33,32,30,646,105],"class_list":{"0":"post-76399","1":"post","2":"type-post","3":"status-publish","4":"format-standard","5":"has-post-thumbnail","7":"category-underhallning","8":"tag-entertainment","9":"tag-organization-svt","10":"tag-se","11":"tag-sections-tv","12":"tag-svenska","13":"tag-sverige","14":"tag-sweden","15":"tag-swedish","16":"tag-topic-tv-serier","17":"tag-underhallning"},"share_on_mastodon":{"url":"https:\/\/pubeurope.com\/@se\/115521501507342079","error":""},"_links":{"self":[{"href":"https:\/\/www.europesays.com\/se\/wp-json\/wp\/v2\/posts\/76399","targetHints":{"allow":["GET"]}}],"collection":[{"href":"https:\/\/www.europesays.com\/se\/wp-json\/wp\/v2\/posts"}],"about":[{"href":"https:\/\/www.europesays.com\/se\/wp-json\/wp\/v2\/types\/post"}],"author":[{"embeddable":true,"href":"https:\/\/www.europesays.com\/se\/wp-json\/wp\/v2\/users\/2"}],"replies":[{"embeddable":true,"href":"https:\/\/www.europesays.com\/se\/wp-json\/wp\/v2\/comments?post=76399"}],"version-history":[{"count":0,"href":"https:\/\/www.europesays.com\/se\/wp-json\/wp\/v2\/posts\/76399\/revisions"}],"wp:featuredmedia":[{"embeddable":true,"href":"https:\/\/www.europesays.com\/se\/wp-json\/wp\/v2\/media\/76400"}],"wp:attachment":[{"href":"https:\/\/www.europesays.com\/se\/wp-json\/wp\/v2\/media?parent=76399"}],"wp:term":[{"taxonomy":"category","embeddable":true,"href":"https:\/\/www.europesays.com\/se\/wp-json\/wp\/v2\/categories?post=76399"},{"taxonomy":"post_tag","embeddable":true,"href":"https:\/\/www.europesays.com\/se\/wp-json\/wp\/v2\/tags?post=76399"}],"curies":[{"name":"wp","href":"https:\/\/api.w.org\/{rel}","templated":true}]}}