{"id":76421,"date":"2025-11-09T20:46:08","date_gmt":"2025-11-09T20:46:08","guid":{"rendered":"https:\/\/www.europesays.com\/se\/76421\/"},"modified":"2025-11-09T20:46:08","modified_gmt":"2025-11-09T20:46:08","slug":"jysk-butikerna-haller-stangt-for-personalfest","status":"publish","type":"post","link":"https:\/\/www.europesays.com\/se\/76421\/","title":{"rendered":"Jysk-butikerna h\u00e5ller st\u00e4ngt f\u00f6r personalfest"},"content":{"rendered":"<p>Publicerad 9 nov 2025 kl 20.50<\/p>\n<p>Paulin, 51, hade hittat l\u00f6sningen p\u00e5 sina nacksm\u00e4rtor \u2013 kuddar fr\u00e5n Jysk.<\/p>\n<p>Men det blev inget k\u00f6p eftersom m\u00f6belkedjans alla 158 butiker h\u00f6ll st\u00e4ngt under s\u00f6ndagen.<\/p>\n<p>\u2013 Det var flera som stod utanf\u00f6r och suckade, s\u00e4ger Paulin.<\/p>\n<p>Senaste nyhetsklippen fr\u00e5n Expressen.<img   alt=\"\"\/><\/p>\n<p>Paulin Chamoun, 51.<\/p>\n<p>Foto: Privat.<\/p>\n<p>\u00d6ppna bild i helsk\u00e4rm<img loading=\"lazy\"   alt=\"\"\/><\/p>\n<p>Jysks samtliga 158 butiker var st\u00e4ngda p\u00e5 s\u00f6ndagen.<\/p>\n<p>Foto: Patrik \u00d6sterberg\/TT \/ TT NYHETSBYR\u00c5N<\/p>\n<p>\u00d6ppna bild i helsk\u00e4rm<\/p>\n<p>Paulin Chamoun har haft \u00e5terkommande problem med nacken.\u00a0<\/p>\n<p>Bekymren p\u00e5verkar hennes s\u00f6mn och hon har under en tid f\u00f6rs\u00f6kt f\u00e5 bukt med sm\u00e4rtan.<\/p>\n<p>P\u00e5 l\u00f6rdagen chansade hon p\u00e5 en ny kudde fr\u00e5n <a href=\"https:\/\/www.expressen.se\/tagg\/organization\/jysk\/\" class=\"\" rel=\"nofollow noopener\" target=\"_blank\">Jysk<\/a>.\u00a0<\/p>\n<p>\u2013 Den var otrolig, b\u00e4ttre \u00e4n hotellkuddar, s\u00e4ger Paulin.\u00a0<\/p>\n<p>\u201dS\u00e5 m\u00e5nga som m\u00f6jligt ska kunna g\u00e5 p\u00e5 festen\u201d<\/p>\n<p>Efter nattens kvalitetss\u00f6mn vaknade hon tidigt och tog sig ut till k\u00f6pcentrumet i V\u00e4stra Fr\u00f6lunda i G\u00f6teborg f\u00f6r att fylla p\u00e5 kuddlagret.<\/p>\n<p>Vad hon d\u00e5 inte visste var att f\u00f6retagets samtliga 158 butiker runtom i landet hade <a href=\"https:\/\/www.expressen.se\/nyheter\/expressen-direkt\/?post=7c37f851-4884-466e-b421-65e02e438bd1\" rel=\"nofollow noopener\" target=\"_blank\">st\u00e4ngt p\u00e5 grund av en personalfest.<\/a><\/p>\n<p>Festen \u00e4r en 30-\u00e5rig tradition p\u00e5 m\u00f6belj\u00e4tten. Alla anst\u00e4llda f\u00e5r ta med en partner och arbetsgivaren st\u00e5r f\u00f6r resa, boende och hela arrangemanget.<\/p>\n<p>\u2013 Vi vill att s\u00e5 m\u00e5nga som m\u00f6jligt ska kunna g\u00e5 p\u00e5 festen kv\u00e4llen innan. D\u00e5 beh\u00f6ver de tid att ta sig hem och lite \u00e5terh\u00e4mtning innan de tar emot kunderna p\u00e5 m\u00e5ndagen, sa Jysks Sverigechef, Johan Sj\u00f6din, i ett pressmeddelande tidigare i veckan.<\/p>\n<p>Ett beslut som Paulin \u00e4r kritisk till.<\/p>\n<p>\u2013 S\u00e5 kan man ju inte resonera. Firmafest har vi ju alla som jobbar, bevare mig v\u00e4l. Men vi m\u00e5ste ju \u00e4nd\u00e5 jobba dagen efter.<\/p>\n<p>Kommer forts\u00e4tta handla trots besvikelsen<\/p>\n<p>Hon unnar de anst\u00e4llda en vilodag, men menar att det \u00e4r upp till chefen att l\u00f6sa s\u00e5 att butikerna h\u00e5ller \u00f6ppet. Speciellt p\u00e5 helgerna eftersom det \u00e4r sv\u00e5rare att f\u00e5 ihop shopping med ett hektiskt vardagspussel.<\/p>\n<p>\u2013 Som tur var hade jag bil och kunde ta mig hem ganska enkelt. Men t\u00e4nk p\u00e5 alla de som beh\u00f6vt ta bussen, vilket tar tid. Jag tycker det \u00e4r olyckligt.<\/p>\n<p>Trots s\u00f6ndagens stora besvikelse kommer hon \u00e5terv\u00e4nda.\u00a0<\/p>\n<p>\u2013 Jag blev bara besviken \u00f6ver att det var st\u00e4ngt.<\/p>\n","protected":false},"excerpt":{"rendered":"Publicerad 9 nov 2025 kl 20.50 Paulin, 51, hade hittat l\u00f6sningen p\u00e5 sina nacksm\u00e4rtor \u2013 kuddar fr\u00e5n Jysk.&hellip;\n","protected":false},"author":2,"featured_media":76422,"comment_status":"","ping_status":"","sticky":false,"template":"","format":"standard","meta":{"footnotes":""},"categories":[65],"tags":[72,70,71,6772,34,154,31,33,32,30,6773],"class_list":{"0":"post-76421","1":"post","2":"type-post","3":"status-publish","4":"format-standard","5":"has-post-thumbnail","7":"category-ekonomi","8":"tag-business","9":"tag-economy","10":"tag-ekonomi","11":"tag-organization-jysk","12":"tag-se","13":"tag-sections-sverige","14":"tag-svenska","15":"tag-sverige","16":"tag-sweden","17":"tag-swedish","18":"tag-topic-shopping"},"share_on_mastodon":{"url":"https:\/\/pubeurope.com\/@se\/115521702185862565","error":""},"_links":{"self":[{"href":"https:\/\/www.europesays.com\/se\/wp-json\/wp\/v2\/posts\/76421","targetHints":{"allow":["GET"]}}],"collection":[{"href":"https:\/\/www.europesays.com\/se\/wp-json\/wp\/v2\/posts"}],"about":[{"href":"https:\/\/www.europesays.com\/se\/wp-json\/wp\/v2\/types\/post"}],"author":[{"embeddable":true,"href":"https:\/\/www.europesays.com\/se\/wp-json\/wp\/v2\/users\/2"}],"replies":[{"embeddable":true,"href":"https:\/\/www.europesays.com\/se\/wp-json\/wp\/v2\/comments?post=76421"}],"version-history":[{"count":0,"href":"https:\/\/www.europesays.com\/se\/wp-json\/wp\/v2\/posts\/76421\/revisions"}],"wp:featuredmedia":[{"embeddable":true,"href":"https:\/\/www.europesays.com\/se\/wp-json\/wp\/v2\/media\/76422"}],"wp:attachment":[{"href":"https:\/\/www.europesays.com\/se\/wp-json\/wp\/v2\/media?parent=76421"}],"wp:term":[{"taxonomy":"category","embeddable":true,"href":"https:\/\/www.europesays.com\/se\/wp-json\/wp\/v2\/categories?post=76421"},{"taxonomy":"post_tag","embeddable":true,"href":"https:\/\/www.europesays.com\/se\/wp-json\/wp\/v2\/tags?post=76421"}],"curies":[{"name":"wp","href":"https:\/\/api.w.org\/{rel}","templated":true}]}}