{"id":76551,"date":"2025-11-10T04:30:14","date_gmt":"2025-11-10T04:30:14","guid":{"rendered":"https:\/\/www.europesays.com\/se\/76551\/"},"modified":"2025-11-10T04:30:14","modified_gmt":"2025-11-10T04:30:14","slug":"misstankt-misshandel-tva-gripna-efter-brak-nara-resecentrum","status":"publish","type":"post","link":"https:\/\/www.europesays.com\/se\/76551\/","title":{"rendered":"Misst\u00e4nkt misshandel \u2013 tv\u00e5 gripna efter br\u00e5k n\u00e4ra resecentrum"},"content":{"rendered":"<p>Flera polispatruller, varav en hundpatrull, \u00a0samt ambulans ryckte ut till platsen och omr\u00e5det sp\u00e4rrades av.Tv\u00e5 personer, en man i 20-\u00e5rs\u00e5ldern och en man i 25-30-\u00e5rs\u00e5ldern, var inblandade i br\u00e5ket. B\u00e5da greps misst\u00e4nkta f\u00f6r misshandel.\u00a0Upprinnelsen till det hela och hur det sedan utvecklades \u00e4r n\u00e5got polisen nu ska utreda.En av de gripna f\u00f6rdes till sjukhus. Enligt en<\/p>\n","protected":false},"excerpt":{"rendered":"Flera polispatruller, varav en hundpatrull, \u00a0samt ambulans ryckte ut till platsen och omr\u00e5det sp\u00e4rrades av.Tv\u00e5 personer, en man&hellip;\n","protected":false},"author":2,"featured_media":76552,"comment_status":"","ping_status":"","sticky":false,"template":"","format":"standard","meta":{"footnotes":""},"categories":[14],"tags":[22,23,26,27,17,21,24,25,28,29,15,16,18,34,31,33,32,30,19,20,51,52,53,54],"class_list":{"0":"post-76551","1":"post","2":"type-post","3":"status-publish","4":"format-standard","5":"has-post-thumbnail","7":"category-varlden","8":"tag-breaking-news","9":"tag-breakingnews","10":"tag-featured-news","11":"tag-featurednews","12":"tag-headlines","13":"tag-huvudnyheter","14":"tag-latest-news","15":"tag-latestnews","16":"tag-main-news","17":"tag-mainnews","18":"tag-news","19":"tag-nyheter","20":"tag-rubriker","21":"tag-se","22":"tag-svenska","23":"tag-sverige","24":"tag-sweden","25":"tag-swedish","26":"tag-top-stories","27":"tag-topstories","28":"tag-varlden","29":"tag-world","30":"tag-world-news","31":"tag-worldnews"},"share_on_mastodon":{"url":"https:\/\/pubeurope.com\/@se\/115523526509974535","error":""},"_links":{"self":[{"href":"https:\/\/www.europesays.com\/se\/wp-json\/wp\/v2\/posts\/76551","targetHints":{"allow":["GET"]}}],"collection":[{"href":"https:\/\/www.europesays.com\/se\/wp-json\/wp\/v2\/posts"}],"about":[{"href":"https:\/\/www.europesays.com\/se\/wp-json\/wp\/v2\/types\/post"}],"author":[{"embeddable":true,"href":"https:\/\/www.europesays.com\/se\/wp-json\/wp\/v2\/users\/2"}],"replies":[{"embeddable":true,"href":"https:\/\/www.europesays.com\/se\/wp-json\/wp\/v2\/comments?post=76551"}],"version-history":[{"count":0,"href":"https:\/\/www.europesays.com\/se\/wp-json\/wp\/v2\/posts\/76551\/revisions"}],"wp:featuredmedia":[{"embeddable":true,"href":"https:\/\/www.europesays.com\/se\/wp-json\/wp\/v2\/media\/76552"}],"wp:attachment":[{"href":"https:\/\/www.europesays.com\/se\/wp-json\/wp\/v2\/media?parent=76551"}],"wp:term":[{"taxonomy":"category","embeddable":true,"href":"https:\/\/www.europesays.com\/se\/wp-json\/wp\/v2\/categories?post=76551"},{"taxonomy":"post_tag","embeddable":true,"href":"https:\/\/www.europesays.com\/se\/wp-json\/wp\/v2\/tags?post=76551"}],"curies":[{"name":"wp","href":"https:\/\/api.w.org\/{rel}","templated":true}]}}