{"id":76603,"date":"2025-11-10T05:45:10","date_gmt":"2025-11-10T05:45:10","guid":{"rendered":"https:\/\/www.europesays.com\/se\/76603\/"},"modified":"2025-11-10T05:45:10","modified_gmt":"2025-11-10T05:45:10","slug":"new-york-skapar-krigsrum-for-att-stoppa-trump","status":"publish","type":"post","link":"https:\/\/www.europesays.com\/se\/76603\/","title":{"rendered":"New York skapar \u201dkrigsrum\u201d \u2013 f\u00f6r att stoppa Trump"},"content":{"rendered":"<p>Publicerad 9 nov 2025 kl 22.48Uppdaterad 10 nov kl 05.18<\/p>\n<p>New York smider planer f\u00f6r att stoppa Donald Trump fr\u00e5n att \u201dta kontroll\u201d \u00f6ver staden.<\/p>\n<p>Det inkluderar hemliga m\u00f6ten mellan stadens mest framst\u00e5ende ledare och skapandet av ett \u201dkrigsrum\u201d.<\/p>\n<p>\u2013 M\u00e5let \u00e4r att f\u00f6rhindra, s\u00e4ger Jackie Bray, som leder f\u00f6rberedelserna, till <a href=\"https:\/\/www.politico.com\/news\/magazine\/2025\/11\/06\/kathy-hochul-plan-trump-national-guard-nyc-00641271\" rel=\"nofollow noopener\" target=\"_blank\">Politico<\/a>.<\/p>\n<p>USA s\u00e4nker tullarna mot Kina: \u201dF\u00f6rv\u00e5nar mig v\u00e4ldigt mycket&#8221;<img loading=\"lazy\"   alt=\"\"\/><\/p>\n<p>President Donald Trump.<\/p>\n<p>Foto: POOL \/ STELLA PICTURES<\/p>\n<p>\u00d6ppna bild i helsk\u00e4rm<img loading=\"lazy\"   alt=\"\"\/><\/p>\n<p>Guvern\u00f6r Kathy Hochul.<\/p>\n<p>Foto: INSTAR \/ STELLA PICTURES \/ STELLA PICTURES<\/p>\n<p>\u00d6ppna bild i helsk\u00e4rm<img loading=\"lazy\"   alt=\"\"\/><\/p>\n<p>New York.<\/p>\n<p>Foto: SETH WENIG \/ AP TT NYHETSBYR\u00c5N<\/p>\n<p>\u00d6ppna bild i helsk\u00e4rm<\/p>\n<p>President Donald Trump har de senaste m\u00e5naderna skickat nationalgardister, ICE-agenter och uniformerad milit\u00e4r till flera st\u00e4der i USA. Det har lett till att landets st\u00f6rsta stad <a href=\"https:\/\/www.expressen.se\/tagg\/location\/new-york\/\" class=\"\" rel=\"nofollow noopener\" target=\"_blank\">New York<\/a> f\u00f6rbereder sig f\u00f6r liknande \u00e5tg\u00e4rder, i synnerhet efter att Zohran Mamdani som beskrivit sig sj\u00e4lv som \u201dTrumps v\u00e4rsta mardr\u00f6m\u201d valts till borgm\u00e4stare.<\/p>\n<p>Ett brett spektrum av stadens mest framst\u00e5ende samh\u00e4llsledare har i veckor haft m\u00f6ten bakom kulisserna f\u00f6r att planera inf\u00f6r m\u00f6jligheten att Trump s\u00e4tter in nationalgardet i New York, uppger flera h\u00f6gt uppsatta folkvalda f\u00f6r Politico.<\/p>\n<p>Guvern\u00f6r Kathy Hochul har skapat ett \u201dkrigsrum\u201d och inlett samtal med polis, n\u00e4ringsliv och aktivistgrupper f\u00f6r att stoppa eller \u00e5tminstone mildra ett federalt ingripande beordrat av presidenten.\u00a0<\/p>\n<p>\u2013 M\u00e5let \u00e4r att f\u00f6rhindra, och om vi inte kan f\u00f6rhindra, s\u00e5 hoppas vi kunna f\u00f6rdr\u00f6ja. Och om n\u00e5got h\u00e4nder m\u00e5ste vi hantera det. Alla tre scenarier har verkliga planer bakom sig, s\u00e4ger Jackie Bray, chef f\u00f6r delstatens s\u00e4kerhets- och krisberedskap, som leder Hochuls f\u00f6rberedelser.<\/p>\n<p>\u201dF\u00f6rhindra ett Trump-\u00f6vertagande\u201d<\/p>\n<p>Hochul har sagt till personer i sin n\u00e4rhet att hon \u00e4r orolig f\u00f6r att presidenten ska anv\u00e4nda Mamdanis val som en \u00f6ppning f\u00f6r att \u201di praktiken f\u00f6rstatliga staden\u201d. F\u00f6rra m\u00e5naden bj\u00f6d guvern\u00f6ren in en rad aktivist- och fackliga grupper till ett m\u00f6te d\u00e4r hon v\u00e4djade till dem att samarbeta f\u00f6r att undvika v\u00e5ld eller skadeg\u00f6relse som skulle kunna ge Trump anledning att skicka in federala trupper, enligt tj\u00e4nstem\u00e4n som n\u00e4rvarade. Grupperna lovade att g\u00f6ra sitt b\u00e4sta f\u00f6r att undvika att \u201dbana v\u00e4g f\u00f6r Trumps ingripande\u201d.<\/p>\n<p>Guvern\u00f6ren organiserade \u00e4ven ett m\u00f6te med n\u00e4ringslivsledare i slutet av f\u00f6rra m\u00e5naden med syftet att skapa en enad front f\u00f6r att \u201df\u00f6rhindra ett Trump-\u00f6vertagande\u201d.<\/p>\n<p>Polischefen Jessica Tisch har sagt att hon \u00e4r \u201d\u00e4cklad av tanken p\u00e5 militarisering av v\u00e5ra gator\u201d. Hochul och Tisch har upprepade g\u00e5nger betonat New Yorks kraftigt minskade brottslighet f\u00f6r att visa att ett federalt \u00f6vertagande inte beh\u00f6vs.<\/p>\n<p>\u2013 Med strategiska satsningar p\u00e5 trygghet och riktade insatser har brottsligheten i v\u00e5rt tunnelbanesystem officiellt n\u00e5tt rekordl\u00e5ga niv\u00e5er, s\u00e4ger Hochul.<\/p>\n<p>\u201dOroade \u00f6ver vad Trump kommer att g\u00f6ra\u201d<\/p>\n<p>Hochul och hennes allierade planerar en omfattande kampanj i november och december f\u00f6r att h\u00e5lla federala agenter borta fr\u00e5n staden.<\/p>\n<p>Planerarna har ocks\u00e5 b\u00f6rjat engagera religi\u00f6sa ledare, enligt Hochuls medarbetare.<\/p>\n<p>Annons<\/p>\n<p>\u2013 Vi \u00e4r mycket oroade \u00f6ver vad Trump kommer att g\u00f6ra efter Mamdanis installation, s\u00e4ger pastor Al Sharpton.<\/p>\n<p>Helst vill New Yorks myndigheter f\u00f6rekomma Trump och vinna kampen om opinionen genom att \u201df\u00f6rebygga vissa saker\u201d, som Bray uttryckte det.<\/p>\n<p>\u2013 Vi ska visa New York-borna vad som h\u00e4nt i andra st\u00e4der, prata med dem om vad Trump-administrationen s\u00e4ger och vad som faktiskt \u00e4r verklighet, s\u00e4ger Bray.<\/p>\n<p>\u201dSt\u00e5 emot Trumps h\u00e4mndlystna attacker\u201d<\/p>\n<p>Efter h\u00e4ndelserna i andra st\u00e4der i somras uppr\u00e4ttade Hochuls medarbetare ett \u201dkrigsrum\u201d d\u00e4r medarbetare fr\u00e5n olika delstatsavdelningar i Albany och New York har dagliga diskussioner.<\/p>\n<p>Hochuls medarbetare har haft inledande samtal med den tilltr\u00e4dande borgm\u00e4starens \u00f6verg\u00e5ngsteam och Mamdani har lovat att beh\u00e5lla Tisch som polischef.<\/p>\n<p>\u2013 Som borgm\u00e4stare kommer Zohran Mamdani att arbeta n\u00e4ra guvern\u00f6r Hochul f\u00f6r att st\u00e5 emot Trumps h\u00e4mndlystna attacker mot New York-bor, s\u00e4ger Mamdanis talesperson Dora Pekec.<\/p>\n<p>H\u00e4cklas av toppdemokraten.<\/p>\n","protected":false},"excerpt":{"rendered":"Publicerad 9 nov 2025 kl 22.48Uppdaterad 10 nov kl 05.18 New York smider planer f\u00f6r att stoppa Donald&hellip;\n","protected":false},"author":2,"featured_media":76604,"comment_status":"","ping_status":"","sticky":false,"template":"","format":"standard","meta":{"footnotes":""},"categories":[14],"tags":[22,23,26,27,17,21,24,25,3263,28,29,15,16,198,18,34,55,31,33,32,30,19,204,20,51,52,53,54],"class_list":{"0":"post-76603","1":"post","2":"type-post","3":"status-publish","4":"format-standard","5":"has-post-thumbnail","7":"category-varlden","8":"tag-breaking-news","9":"tag-breakingnews","10":"tag-featured-news","11":"tag-featurednews","12":"tag-headlines","13":"tag-huvudnyheter","14":"tag-latest-news","15":"tag-latestnews","16":"tag-location-new-york","17":"tag-main-news","18":"tag-mainnews","19":"tag-news","20":"tag-nyheter","21":"tag-person-donald-trump","22":"tag-rubriker","23":"tag-se","24":"tag-sections-varlden","25":"tag-svenska","26":"tag-sverige","27":"tag-sweden","28":"tag-swedish","29":"tag-top-stories","30":"tag-topic-amerikansk-politik","31":"tag-topstories","32":"tag-varlden","33":"tag-world","34":"tag-world-news","35":"tag-worldnews"},"share_on_mastodon":{"url":"https:\/\/pubeurope.com\/@se\/115523821454338564","error":""},"_links":{"self":[{"href":"https:\/\/www.europesays.com\/se\/wp-json\/wp\/v2\/posts\/76603","targetHints":{"allow":["GET"]}}],"collection":[{"href":"https:\/\/www.europesays.com\/se\/wp-json\/wp\/v2\/posts"}],"about":[{"href":"https:\/\/www.europesays.com\/se\/wp-json\/wp\/v2\/types\/post"}],"author":[{"embeddable":true,"href":"https:\/\/www.europesays.com\/se\/wp-json\/wp\/v2\/users\/2"}],"replies":[{"embeddable":true,"href":"https:\/\/www.europesays.com\/se\/wp-json\/wp\/v2\/comments?post=76603"}],"version-history":[{"count":0,"href":"https:\/\/www.europesays.com\/se\/wp-json\/wp\/v2\/posts\/76603\/revisions"}],"wp:featuredmedia":[{"embeddable":true,"href":"https:\/\/www.europesays.com\/se\/wp-json\/wp\/v2\/media\/76604"}],"wp:attachment":[{"href":"https:\/\/www.europesays.com\/se\/wp-json\/wp\/v2\/media?parent=76603"}],"wp:term":[{"taxonomy":"category","embeddable":true,"href":"https:\/\/www.europesays.com\/se\/wp-json\/wp\/v2\/categories?post=76603"},{"taxonomy":"post_tag","embeddable":true,"href":"https:\/\/www.europesays.com\/se\/wp-json\/wp\/v2\/tags?post=76603"}],"curies":[{"name":"wp","href":"https:\/\/api.w.org\/{rel}","templated":true}]}}