{"id":76743,"date":"2025-11-10T08:48:13","date_gmt":"2025-11-10T08:48:13","guid":{"rendered":"https:\/\/www.europesays.com\/se\/76743\/"},"modified":"2025-11-10T08:48:13","modified_gmt":"2025-11-10T08:48:13","slug":"totalt-kaos-men-bra-period-att-vaxa-i","status":"publish","type":"post","link":"https:\/\/www.europesays.com\/se\/76743\/","title":{"rendered":"Totalt kaos \u2013 men bra period att v\u00e4xa i"},"content":{"rendered":"<p>Donald Trumps ryckiga politik har gjort konsumenterna mer avvaktande. Och det syntes inte minst i New Waves del\u00e5r, d\u00e4r int\u00e4kterna f\u00f6r segmentet sport och fritid minskade. Vd och grundare Torsten Jansson kallar det politiska l\u00e4get f\u00f6r \u201dtotalt kaos\u201d i en intervju med DI. <\/p>\n<p>Trots det tror han att det \u00e4r en bra period att v\u00e4xa och ta marknadsandelar i. <\/p>\n<p>\u2013 F\u00f6r andra \u00e4r mer nerv\u00f6sa och defensiva \u00e4n vad vi \u00e4r. <\/p>\n<p>Omni \u00e4r politiskt obundna och oberoende. Vi str\u00e4var efter att ge fler perspektiv p\u00e5 nyheterna. Har du fr\u00e5gor eller synpunkter kring v\u00e5r rapportering? <a href=\"https:\/\/omni.se\/jansson-totalt-kaos-men-bra-period-att-vaxa-i\/a\/mailto:redaktion@omni.se\" class=\"ArticleActions_contactLink__W2F1M\" rel=\"nofollow noopener\" target=\"_blank\">Kontakta redaktionen<\/a><\/p>\n","protected":false},"excerpt":{"rendered":"Donald Trumps ryckiga politik har gjort konsumenterna mer avvaktande. Och det syntes inte minst i New Waves del\u00e5r,&hellip;\n","protected":false},"author":2,"featured_media":76744,"comment_status":"","ping_status":"","sticky":false,"template":"","format":"standard","meta":{"footnotes":""},"categories":[65],"tags":[387,72,385,70,71,951,828,34,31,33,32,30,6801,74],"class_list":{"0":"post-76743","1":"post","2":"type-post","3":"status-publish","4":"format-standard","5":"has-post-thumbnail","7":"category-ekonomi","8":"tag-amerikansk-politik","9":"tag-business","10":"tag-donald-trump","11":"tag-economy","12":"tag-ekonomi","13":"tag-handel-tjanster","14":"tag-new-wave-group","15":"tag-se","16":"tag-svenska","17":"tag-sverige","18":"tag-sweden","19":"tag-swedish","20":"tag-torsten-jansson","21":"tag-usa"},"share_on_mastodon":{"url":"https:\/\/pubeurope.com\/@se\/115524541064165335","error":""},"_links":{"self":[{"href":"https:\/\/www.europesays.com\/se\/wp-json\/wp\/v2\/posts\/76743","targetHints":{"allow":["GET"]}}],"collection":[{"href":"https:\/\/www.europesays.com\/se\/wp-json\/wp\/v2\/posts"}],"about":[{"href":"https:\/\/www.europesays.com\/se\/wp-json\/wp\/v2\/types\/post"}],"author":[{"embeddable":true,"href":"https:\/\/www.europesays.com\/se\/wp-json\/wp\/v2\/users\/2"}],"replies":[{"embeddable":true,"href":"https:\/\/www.europesays.com\/se\/wp-json\/wp\/v2\/comments?post=76743"}],"version-history":[{"count":0,"href":"https:\/\/www.europesays.com\/se\/wp-json\/wp\/v2\/posts\/76743\/revisions"}],"wp:featuredmedia":[{"embeddable":true,"href":"https:\/\/www.europesays.com\/se\/wp-json\/wp\/v2\/media\/76744"}],"wp:attachment":[{"href":"https:\/\/www.europesays.com\/se\/wp-json\/wp\/v2\/media?parent=76743"}],"wp:term":[{"taxonomy":"category","embeddable":true,"href":"https:\/\/www.europesays.com\/se\/wp-json\/wp\/v2\/categories?post=76743"},{"taxonomy":"post_tag","embeddable":true,"href":"https:\/\/www.europesays.com\/se\/wp-json\/wp\/v2\/tags?post=76743"}],"curies":[{"name":"wp","href":"https:\/\/api.w.org\/{rel}","templated":true}]}}