{"id":76784,"date":"2025-11-10T09:23:10","date_gmt":"2025-11-10T09:23:10","guid":{"rendered":"https:\/\/www.europesays.com\/se\/76784\/"},"modified":"2025-11-10T09:23:10","modified_gmt":"2025-11-10T09:23:10","slug":"fyra-anstallda-misstanks-ha-forgiftats-pa-sjukhus","status":"publish","type":"post","link":"https:\/\/www.europesays.com\/se\/76784\/","title":{"rendered":"Fyra anst\u00e4llda misst\u00e4nks ha f\u00f6rgiftats p\u00e5 sjukhus"},"content":{"rendered":"<p><a data-test-tag=\"internal-link\" href=\"https:\/\/www.aftonbladet.se\/av\/amanda-hallsten\" class=\"hyperion-css-13ns1rr\" rel=\"nofollow noopener\" target=\"\" aria-label=\"Se alla artiklar av Amanda H\u00e4llsten\"><img decoding=\"async\" class=\"image-asset hyperion-css-n6kkq1\" data-test-tag=\"image-asset\" src=\"https:\/\/www.europesays.com\/se\/wp-content\/uploads\/2025\/11\/1762766589_858_d03087d7-b67e-4a2d-9ab9-086b23863ce8\"  alt=\"\"  loading=\"lazy\" fetchpriority=\"auto\" style=\"aspect-ratio:1900 \/ 1900\"\/><\/a><\/p>\n<p class=\"boxtextgrotesk-root_baa6 hyperion-css-7pajle\">Uppdaterad 10.11 | Publicerad 09.47<\/p>\n<p>share-arrowDela<\/p>\n<p>unsaveSpara<\/p>\n<p class=\"hyperion-css-1shl3oz\" data-test-tag=\"lead-text\">Fyra anst\u00e4llda p\u00e5 Akademiska sjukhuset i Uppsala misst\u00e4nks ha blivit f\u00f6rgiftade.<\/p>\n<p class=\"hyperion-css-1shl3oz\" data-test-tag=\"lead-text\">Polisen utreder det som mordf\u00f6rs\u00f6k.<\/p>\n<p class=\"hyperion-css-1shl3oz\" data-test-tag=\"lead-text\">\u2013 Alla fyra arbetar p\u00e5 samma avdelning, s\u00e4ger \u00e5klagare Emma H\u00e4ggstr\u00f6m. <\/p>\n<p class=\"hyperion-css-1v9qo5x\"><a data-test-tag=\"internal-link\" href=\"https:\/\/www.aftonbladet.se\/nyheter\/a\/W040Jd\/anstallda-pa-akademiska-sjukhuset-i-uppsala-misstankt-forgiftade\" class=\"hyperion-css-15jkft9\" rel=\"nofollow noopener\" target=\"\" aria-label=\"F\u00f6rra veckan rapporterade Aftonbladet\">F\u00f6rra veckan rapporterade Aftonbladet<\/a> att tre anst\u00e4llda p\u00e5 <a data-test-tag=\"internal-link\" href=\"https:\/\/www.aftonbladet.se\/tagg\/akademiska-sjukhuset\" class=\"hyperion-css-15jkft9\" rel=\"nofollow noopener\" target=\"\" aria-label=\"Akademiska sjukhuset\">Akademiska sjukhuset<\/a> i <a data-test-tag=\"internal-link\" href=\"https:\/\/www.aftonbladet.se\/uppsala\" class=\"hyperion-css-15jkft9\" rel=\"nofollow noopener\" target=\"\" aria-label=\"Uppsala\">Uppsala<\/a> hastigt insjuknade och beh\u00f6vde intensivv\u00e5rd.<\/p>\n<p class=\"hyperion-css-1v9qo5x\">Polisen misst\u00e4nker att de kan ha blivit utsatta f\u00f6r mordf\u00f6rs\u00f6k. Enligt uppgifter misst\u00e4nks de ha blivit f\u00f6rgiftade. <\/p>\n<p class=\"hyperion-css-1v9qo5x\">I handlingar som Aftonbladet nu tagit del av framkommer det att en fj\u00e4rde person misst\u00e4nks vara drabbad. <\/p>\n<p class=\"hyperion-css-1v9qo5x\">\u2013 Alla fyra arbetar p\u00e5 samma avdelning. De har insjuknat med liknande symtom under en kortare tidsperiod, s\u00e4ger \u00e5klagare Emma H\u00e4ggstr\u00f6m. <\/p>\n<p>expand-left<\/p>\n<p>helsk\u00e4rm<img decoding=\"async\" class=\"image-asset hyperion-css-u06ts1\" data-test-tag=\"image-asset\" src=\"https:\/\/www.europesays.com\/se\/wp-content\/uploads\/2025\/11\/bd677d21-3d2e-4818-abbb-5f2768538fc8\"  alt=\"\"  loading=\"eager\" fetchpriority=\"high\" style=\"aspect-ratio:1900 \/ 1267\"\/> Foto: Christine Olsson\/TTUppgifter: F\u00e5tt i sig via vattenflaskor <\/p>\n<p class=\"hyperion-css-1v9qo5x\">Enligt Aftonbladets uppgifter ska de drabbade ha haft alldeles f\u00f6r l\u00e5ga kaliumv\u00e4rden. En av polisens arbetshypoteser \u00e4r om h\u00f6ga intag av koffein ligger bakom f\u00f6rgiftningen.<\/p>\n<p class=\"hyperion-css-1v9qo5x\">En annan teori \u00e4r att sjuksk\u00f6terskorna f\u00e5tt i sig n\u00e5got genom sina vattenflaskor, enligt Aftonbladets uppgifter. Men omst\u00e4ndigheterna \u00e4r \u00e4nnu oklara.<\/p>\n<p class=\"hyperion-css-1v9qo5x\">I nul\u00e4get finns det ingen misst\u00e4nkt. Polisen utreder \u00e4rendet vidare och inv\u00e4ntar analyssvar fr\u00e5n provtagningar. <\/p>\n<p>S\u00c5 TIPSAR DU AFTONBLADET<\/p>\n","protected":false},"excerpt":{"rendered":"Uppdaterad 10.11 | Publicerad 09.47 share-arrowDela unsaveSpara Fyra anst\u00e4llda p\u00e5 Akademiska sjukhuset i Uppsala misst\u00e4nks ha blivit f\u00f6rgiftade.&hellip;\n","protected":false},"author":2,"featured_media":76785,"comment_status":"","ping_status":"","sticky":false,"template":"","format":"standard","meta":{"footnotes":""},"categories":[12],"tags":[22,23,26,27,17,21,24,25,28,29,15,16,18,34,31,33,32,30,19,20],"class_list":{"0":"post-76784","1":"post","2":"type-post","3":"status-publish","4":"format-standard","5":"has-post-thumbnail","7":"category-sverige","8":"tag-breaking-news","9":"tag-breakingnews","10":"tag-featured-news","11":"tag-featurednews","12":"tag-headlines","13":"tag-huvudnyheter","14":"tag-latest-news","15":"tag-latestnews","16":"tag-main-news","17":"tag-mainnews","18":"tag-news","19":"tag-nyheter","20":"tag-rubriker","21":"tag-se","22":"tag-svenska","23":"tag-sverige","24":"tag-sweden","25":"tag-swedish","26":"tag-top-stories","27":"tag-topstories"},"share_on_mastodon":{"url":"https:\/\/pubeurope.com\/@se\/115524678925070164","error":""},"_links":{"self":[{"href":"https:\/\/www.europesays.com\/se\/wp-json\/wp\/v2\/posts\/76784","targetHints":{"allow":["GET"]}}],"collection":[{"href":"https:\/\/www.europesays.com\/se\/wp-json\/wp\/v2\/posts"}],"about":[{"href":"https:\/\/www.europesays.com\/se\/wp-json\/wp\/v2\/types\/post"}],"author":[{"embeddable":true,"href":"https:\/\/www.europesays.com\/se\/wp-json\/wp\/v2\/users\/2"}],"replies":[{"embeddable":true,"href":"https:\/\/www.europesays.com\/se\/wp-json\/wp\/v2\/comments?post=76784"}],"version-history":[{"count":0,"href":"https:\/\/www.europesays.com\/se\/wp-json\/wp\/v2\/posts\/76784\/revisions"}],"wp:featuredmedia":[{"embeddable":true,"href":"https:\/\/www.europesays.com\/se\/wp-json\/wp\/v2\/media\/76785"}],"wp:attachment":[{"href":"https:\/\/www.europesays.com\/se\/wp-json\/wp\/v2\/media?parent=76784"}],"wp:term":[{"taxonomy":"category","embeddable":true,"href":"https:\/\/www.europesays.com\/se\/wp-json\/wp\/v2\/categories?post=76784"},{"taxonomy":"post_tag","embeddable":true,"href":"https:\/\/www.europesays.com\/se\/wp-json\/wp\/v2\/tags?post=76784"}],"curies":[{"name":"wp","href":"https:\/\/api.w.org\/{rel}","templated":true}]}}