{"id":7681,"date":"2025-08-18T09:43:14","date_gmt":"2025-08-18T09:43:14","guid":{"rendered":"https:\/\/www.europesays.com\/se\/7681\/"},"modified":"2025-08-18T09:43:14","modified_gmt":"2025-08-18T09:43:14","slug":"country-pionjaren-dog-i-cancer-var-for-tidigt","status":"publish","type":"post","link":"https:\/\/www.europesays.com\/se\/7681\/","title":{"rendered":"Country-pionj\u00e4ren dog i cancer: \u201dVar f\u00f6r tidigt\u201d"},"content":{"rendered":"<p>Mats R\u00e5dberg och Rankarna var pionj\u00e4rer inom svensk country.<\/p>\n<p>Karri\u00e4ren str\u00e4ckte sig \u00f6ver 50 \u00e5r, men allt fick ett tragiskt slut n\u00e4r frontmannen drabbades av cancer.<\/p>\n<p>\u2013 Det var f\u00f6r tidigt, s\u00e4ger Mats R\u00e5dbergs \u00e4nka Inger \u2013 som hyllades p\u00e5 hans sista inspelning.<\/p>\n<p><img   alt=\"\"\/><\/p>\n<p>Mats R\u00e5dberg.<\/p>\n<p>Foto: Roger Tillberg\/TT \/ TT NYHETSBYR\u00c5N<\/p>\n<p><img loading=\"lazy\"   alt=\"\"\/><\/p>\n<p>Han blev 72 \u00e5r.<\/p>\n<p>Foto: LARS EPSTEIN \/ DN \/ TT \/ TT NYHETSBYR\u00c5N<\/p>\n<p><img loading=\"lazy\"   alt=\"\"\/><\/p>\n<p>H\u00e4r p\u00e5 bild 1982.<\/p>\n<p>Foto: Roger Tillberg\/TT \/ TT NYHETSBYR\u00c5N<\/p>\n<p>Mats R\u00e5dberg var ton\u00e5ring i 1960-talets <a href=\"https:\/\/www.expressen.se\/tagg\/location\/stockholm\/\" class=\"\" rel=\"nofollow noopener\" target=\"_blank\">Stockholm<\/a> n\u00e4r han uppt\u00e4ckte countrymusiken genom sin \u00e4ldre bror Anders. Br\u00f6derna R\u00e5dberg v\u00e4xte upp p\u00e5 Reimersholme och det var en skiva med Hank Williams som f\u00f6r\u00e4ndrade deras liv.<\/p>\n<p>\u2013 Det gav ett intresse att b\u00f6rja gr\u00e4va i countryn. Mats var fem \u00e5r yngre och anammade allt som jag som storebror gillade. N\u00e4r jag sedan fick en gitarr ville han att jag skulle l\u00e4ra honom att spela, ber\u00e4ttar Anders R\u00e5dberg, 82.<\/p>\n<p>Br\u00f6derna bildade bluegrassgruppen Rank Strangers, som skivdebuterade 1969 och \u00e5ret d\u00e4rp\u00e5 fick en stor hit med \u201dEarly morning rain\u201d \u2013 l\u00e5ten l\u00e5g p\u00e5 Sveriges Radios Tio i topp-lista i 16 veckor.<\/p>\n<p>\u201dD\u00e4rf\u00f6r vi splittrades\u201d<\/p>\n<p>Men snart gick Rank Strangers skilda v\u00e4gar. Ena halvan av gruppen ville uteslutande \u00e4gna sig \u00e5t bluegrass, medan Mats och Anders R\u00e5dberg hade b\u00f6rjat intressera sig f\u00f6r den elektriska countryn \u2013 med f\u00f6rebilder Waylon Jennings och Merle Haggard.<\/p>\n<p>\u2013 Det var d\u00e4rf\u00f6r vi splittrades, och 1972 b\u00f6rjade vi kalla oss f\u00f6r Rankarna i st\u00e4llet, ber\u00e4ttar Anders R\u00e5dberg.<\/p>\n<p>Samma \u00e5r gifte sig Mats R\u00e5dberg med hustrun Inger, som han sedermera fick tre barn tillsammans med.<\/p>\n<p>\u2013 Vi tr\u00e4ffades p\u00e5 60-talet s\u00e5 vi hade haft s\u00e4llskap n\u00e5gra \u00e5r innan. S\u00e5 jag var med hela v\u00e4gen. Karri\u00e4ren gick fram\u00e5t och fram\u00e5t, samtidigt som vi bildade familj, s\u00e4ger Inger R\u00e5dberg, 76.<\/p>\n<p>\u201dBoom p\u00e5 80-talet\u201d<\/p>\n<p>Mats R\u00e5dberg var extremt produktiv och gav ut nya skivor varje \u00e5r, b\u00e5de med Rankarna och som soloartist. Bara mellan 1975 och 1985 hann han bland annat med att f\u00e5 en solohit med \u201dDen vita duvan\u201d, t\u00e4vla i Melodifestivalen, starta den popul\u00e4ra countryfestivalen i Furuvik och \u2013 tillsammans med Rankarna \u2013 f\u00e5 en j\u00e4ttehit med \u201dPeta in en pinne i brasan\u201d.<\/p>\n<p>Samtidigt turnerade han \u00f6ver hela landet.<\/p>\n<p>\u2013 Under 80-talet blev det en boom, country blev v\u00e4ldigt popul\u00e4rt och vi var med i m\u00e5nga tv-program. Vi var med och bidrog till den boomen. D\u00e5 b\u00f6rjade ocks\u00e5 dansbanden s\u00e4tta p\u00e5 sig hattar och kalla sig f\u00f6r country. Lasse Stefanz stal till och med id\u00e9n till sin logotyp fr\u00e5n Rankarna, s\u00e4ger Anders R\u00e5dberg.<\/p>\n<p>Men n\u00e4r SVT tidigare i \u00e5r gjorde en dokument\u00e4rserie om svensk country, \u201dCountrylandet Sverige\u201d, fick Mats R\u00e5dberg och Rankarna inte s\u00e4rskilt mycket tv-tid \u2013 \u00e4ven om de n\u00e4mndes som pionj\u00e4rer och figurerade i f\u00f6rsta avsnittet.<\/p>\n<p>\u2013 Jag blev f\u00f6rbannad, uppriktigt sagt, \u00f6ver att vi inte fick st\u00f6rre utrymme \u2013 med tanke p\u00e5 allt vi gjort, speciellt under 70- och 80-talen. Mats hade inte tyckt om det, det var or\u00e4ttvist och visade inte verkligheten, s\u00e4ger Anders R\u00e5dberg.<\/p>\n<p>Annons<\/p>\n<p>\u201dV\u00e4ldigt bra entertainer\u201d<\/p>\n<p>Inger R\u00e5dberg ber\u00e4ttar att Mats var medveten om vad han betytt f\u00f6r svensk country \u2013 men att han aldrig s\u00e5g sig som f\u00f6rmer.<\/p>\n<p>\u2013 Han var en v\u00e4ldigt bra entertainer, men han hade inte n\u00e4san uppe i v\u00e4dret. Sedan blev han besv\u00e4rad, eller kanske generad, n\u00e4r folk kom fram i privata situationer. Jag tror att han skilde v\u00e4ldigt mycket p\u00e5 artistlivet och familjelivet, s\u00e4ger hon.<\/p>\n<p>Vad f\u00e5 k\u00e4nner till \u00e4r att Mats R\u00e5dberg, trots sin enorma produktivitet som artist, ocks\u00e5 hade ett tidskr\u00e4vande civilt arbete \u2013 han jobbade som arkitekt under hela karri\u00e4ren.<\/p>\n<p>\u2013 Jag hade ocks\u00e5 ett h\u00f6gt seri\u00f6st jobb, som byggnadsingenj\u00f6r och konstrukt\u00f6r. Man var p\u00e5 plats m\u00e5ndag morgon och sedan p\u00e5 fredagen var det bara att hoppa in i turn\u00e9bussen, s\u00e4ger storebror Anders R\u00e5dberg.<\/p>\n<p>Inger R\u00e5dberg ber\u00e4ttar att i princip all ledig tid lades p\u00e5 musiken.<\/p>\n<p>\u2013 Det var ju v\u00e5ra semestrar som gick, och helger. Men det var okej, det var det livet vi levde, s\u00e4ger hon.<\/p>\n<p>Men h\u00f6sten 2019 kom ett tungt besked. Mats R\u00e5dberg fick veta att han drabbats av cancer \u2013 han hade metastaser i huvudet och i lungorna.<\/p>\n<p>\u201dJobbig att lyssna p\u00e5\u201d<\/p>\n<p>\u00c4nd\u00e5 fortsatte han skapa musik.<\/p>\n<p>\u2013 Han spelade in sex l\u00e5tar n\u00e4r han hade f\u00e5tt beskedet om sin cancer, han var riktigt risig n\u00e4r han \u00e5kte till studion i Halmstad. De l\u00e5tarna har f\u00f6rh\u00e5llandevis tunga texter, i och med att han l\u00e5g och v\u00e4ntade p\u00e5 d\u00f6den, s\u00e4ger Anders R\u00e5dberg.<\/p>\n<p>Mats R\u00e5dberg dog den 27 juni 2020. Han blev 72 \u00e5r.<\/p>\n<p>P\u00e5 en av de d\u00e4r sista l\u00e5tarna, \u201dStanna tiden\u201d, finns ett telefonsvararmeddelande d\u00e4r han talar direkt till Inger R\u00e5dberg:<\/p>\n<p>\u201dK\u00e4ra hustru, att du har st\u00e5tt ut med mig alla dessa \u00e5r \u00e4r fantastiskt. Utan dig skulle ingenting ha fungerat, s\u00e5 mycket som jag har varit bortrest och fr\u00e5nvarande.<\/p>\n<p>Tack f\u00f6r att du finns, jag \u00e4lskar dig, det borde jag ocks\u00e5 ha sagt fler g\u00e5nger.\u201d<\/p>\n<p>\u2013 Den \u00e4r jobbig att lyssna p\u00e5. Jag vet inte riktigt hur jag ska f\u00f6rklara det, men den tar s\u00e5 mentalt p\u00e5 n\u00e5got vis. Den \u00e4r v\u00e4ldigt k\u00e4nslosam, s\u00e4ger Inger R\u00e5dberg.<\/p>\n","protected":false},"excerpt":{"rendered":"Mats R\u00e5dberg och Rankarna var pionj\u00e4rer inom svensk country. Karri\u00e4ren str\u00e4ckte sig \u00f6ver 50 \u00e5r, men allt fick&hellip;\n","protected":false},"author":2,"featured_media":7682,"comment_status":"","ping_status":"","sticky":false,"template":"","format":"standard","meta":{"footnotes":""},"categories":[67],"tags":[104,135,34,31,33,32,30,310,105],"class_list":{"0":"post-7681","1":"post","2":"type-post","3":"status-publish","4":"format-standard","5":"has-post-thumbnail","7":"category-underhallning","8":"tag-entertainment","9":"tag-location-stockholm","10":"tag-se","11":"tag-svenska","12":"tag-sverige","13":"tag-sweden","14":"tag-swedish","15":"tag-topic-kandisar","16":"tag-underhallning"},"share_on_mastodon":{"url":"","error":""},"_links":{"self":[{"href":"https:\/\/www.europesays.com\/se\/wp-json\/wp\/v2\/posts\/7681","targetHints":{"allow":["GET"]}}],"collection":[{"href":"https:\/\/www.europesays.com\/se\/wp-json\/wp\/v2\/posts"}],"about":[{"href":"https:\/\/www.europesays.com\/se\/wp-json\/wp\/v2\/types\/post"}],"author":[{"embeddable":true,"href":"https:\/\/www.europesays.com\/se\/wp-json\/wp\/v2\/users\/2"}],"replies":[{"embeddable":true,"href":"https:\/\/www.europesays.com\/se\/wp-json\/wp\/v2\/comments?post=7681"}],"version-history":[{"count":0,"href":"https:\/\/www.europesays.com\/se\/wp-json\/wp\/v2\/posts\/7681\/revisions"}],"wp:featuredmedia":[{"embeddable":true,"href":"https:\/\/www.europesays.com\/se\/wp-json\/wp\/v2\/media\/7682"}],"wp:attachment":[{"href":"https:\/\/www.europesays.com\/se\/wp-json\/wp\/v2\/media?parent=7681"}],"wp:term":[{"taxonomy":"category","embeddable":true,"href":"https:\/\/www.europesays.com\/se\/wp-json\/wp\/v2\/categories?post=7681"},{"taxonomy":"post_tag","embeddable":true,"href":"https:\/\/www.europesays.com\/se\/wp-json\/wp\/v2\/tags?post=7681"}],"curies":[{"name":"wp","href":"https:\/\/api.w.org\/{rel}","templated":true}]}}