{"id":76999,"date":"2025-11-10T12:43:16","date_gmt":"2025-11-10T12:43:16","guid":{"rendered":"https:\/\/www.europesays.com\/se\/76999\/"},"modified":"2025-11-10T12:43:16","modified_gmt":"2025-11-10T12:43:16","slug":"har-urartar-pojklagsmatch-i-stockholm-domaren-till-attack","status":"publish","type":"post","link":"https:\/\/www.europesays.com\/se\/76999\/","title":{"rendered":"H\u00e4r urartar pojklagsmatch i Stockholm \u2013 domaren till attack"},"content":{"rendered":"<p>Publicerad 9 nov 2025 kl 18.27Uppdaterad kl 23.48<\/p>\n<p>Tv\u00e5 fotbollslag f\u00f6r pojkar spelade tr\u00e4ningsmatch i Stockholm.<\/p>\n<p>D\u00e5 gick domaren till angrepp mot hemmalagets ledare \u2013 och utdelade slag och sparkar.<\/p>\n<p>H\u00e4ndelsen \u2013 som f\u00e5ngades p\u00e5 film \u2013 har anm\u00e4lts till Stockholms fotbollf\u00f6rbund.<\/p>\n<p>\u2013 Jag m\u00e5r fortfarande d\u00e5ligt av att prata om det, s\u00e4ger ordf\u00f6randen f\u00f6r bortalaget.<\/p>\n<p>H\u00e4r g\u00e5r domaren till attack \u2013 mitt under pojklagsmatchen.<img   alt=\"\"\/><\/p>\n<p>Domaren m\u00e5ttar en spark mot en ledare i ena laget.<\/p>\n<p>Foto: L\u00e4sarbild.<\/p>\n<p>\u00d6ppna bild i helsk\u00e4rm<\/p>\n<p>Under l\u00f6rdagen spelades en tr\u00e4ningsmatch mellan tv\u00e5 pojklag i Stockholm. D\u00e5 utbr\u00f6t br\u00e5k mellan domaren och tv\u00e5 ledare f\u00f6r hemmalaget.<\/p>\n<p>En film visar hur domaren ger sig p\u00e5 ledarna och utdelar flera knytn\u00e4vsslag och sparkar.<\/p>\n<p>Senare ger sig \u00e4ven en person ur publiken in i br\u00e5ket, varp\u00e5 domaren tar av sig tr\u00f6jan.<\/p>\n<p>Filmen visar dock inte n\u00e5got om hur br\u00e5ket f\u00f6rst uppstod.<\/p>\n<p>Lagen bestod av pojkar som var omkring 12 \u00e5r gamla.<\/p>\n<p>\u00d6verv\u00e4ger polisanm\u00e4lan<\/p>\n<p>Domaren hade tillsatts av hemmalaget och hade d\u00f6mt flera av klubbens matcher tidigare. Expressen har varit i kontakt med hemmalagets sportchef, som inte upplevt problem med domaren under tidigare matcher.<\/p>\n<p>Sportchefen befann sig p\u00e5 platsen och s\u00e5g br\u00e5ket utspela sig. Han reagerar med best\u00f6rthet \u00f6ver det intr\u00e4ffade.<\/p>\n<p>\u2013 Vi har pratat med alla inblandade. Framf\u00f6r allt med killarna. Efter att ha tagit del av videomaterialet s\u00e5 har vi gjort en formell anm\u00e4lan till f\u00f6rbundet, och vi h\u00e5ller \u00e4ven p\u00e5 att se om de inblandade vill polisanm\u00e4la, s\u00e4ger sportchefen.<\/p>\n<p>Bortalagets kritik: \u201dUpptr\u00e4der inte s\u00e5\u201d<\/p>\n<p>\u00c4ven bortalagets ordf\u00f6rande stod i publiken.<\/p>\n<p>\u2013\u00a0Det \u00e4r fruktansv\u00e4rt. Jag m\u00e5r fortfarande d\u00e5ligt av att prata om det, om jag ska vara helt \u00e4rlig. Jag har varit med l\u00e4nge inom fotbollen, och har f\u00f6rst\u00e5tt att s\u00e5nt h\u00e4r kan h\u00e4nda. Men att det skulle ske i en s\u00e5dan h\u00e4r milj\u00f6 g\u00f6r att man ruttnar, s\u00e4ger bortalagets ordf\u00f6rande.<\/p>\n<p>Hans bild av h\u00e4ndelsef\u00f6rloppet \u00e4r att angreppet f\u00f6regicks av upprepade pikar mot domaren.<\/p>\n<p>\u2013 Det \u00e4r ett otroligt felaktigt beteende av domaren. Man f\u00e5r aldrig sl\u00e5 n\u00e5gon. Men vad som h\u00e4nder fram tills dess \u00e4r den h\u00e4r st\u00e4ndigt gnagande p\u00e5verkan p\u00e5 domaren som ledarna i hemmalaget st\u00e5r f\u00f6r. Det snackas om domslut, offsides, hit och dit, s\u00e4ger ordf\u00f6randen och forts\u00e4tter:<\/p>\n<p>\u2013 Domaren borde ha st\u00e4ngt ner matchen och sagt: \u201dS\u00e5 h\u00e4r kan vi inte ha det l\u00e4ngre\u201d. Han har ju auktoriteten att g\u00f6ra det.<\/p>\n<p><strong>S\u00e5 din bild \u00e4r att ledarna f\u00f6r hemmalaget g\u00e5tt \u00f6ver gr\u00e4nsen?<\/strong><\/p>\n<p>\u2013 Ja, man upptr\u00e4der inte s\u00e5. Det \u00e4r helt odiskutabelt.<\/p>\n<p>Svaret: \u201dM\u00e4rklig vinkling\u201d<\/p>\n<p>Hemmalagets sportchef \u00e4r besviken \u00f6ver att bortalaget pekar finger mot de utsatta ledarna.<\/p>\n<p><strong>Hur ser du p\u00e5 att bortalaget anklagar era ledare f\u00f6r oacceptabelt beteende mot domaren?<\/strong><\/p>\n<p>\u2013 Jag tycker att det \u00e4r j\u00e4ttetr\u00e5kigt att de inte visar st\u00f6ttning f\u00f6r kolleger som blivit fysiskt angripna. De f\u00f6rs\u00f6ker g\u00f6ra n\u00e5gon m\u00e4rklig vinkling p\u00e5 det hela, s\u00e4ger han och forts\u00e4tter:<\/p>\n<p>\u2013 Det \u00e4r en helt betydelsel\u00f6s tr\u00e4ningsmatch, en avslagen s\u00e5dan. Vi leder med fem eller sex m\u00e5l n\u00e4r det v\u00e4l h\u00e4nder. Det fanns ingen anledning f\u00f6r n\u00e5gon att brusa upp. Det \u00e4r v\u00e4ldigt tur att det finns s\u00e5 bra videounderlag p\u00e5 det hela. Det talar sitt tydliga spr\u00e5k.<\/p>\n<p>B\u00e5de hemmalaget och bortalaget har anm\u00e4lt h\u00e4ndelsen till Stockholms fotbollf\u00f6rbund. Ingen ska ha skadats allvarligt i samband med br\u00e5ket.<\/p>\n<p>Expressen har s\u00f6kt domaren samt Stockholms fotbollf\u00f6rbund.<\/p>\n","protected":false},"excerpt":{"rendered":"Publicerad 9 nov 2025 kl 18.27Uppdaterad kl 23.48 Tv\u00e5 fotbollslag f\u00f6r pojkar spelade tr\u00e4ningsmatch i Stockholm. D\u00e5 gick&hellip;\n","protected":false},"author":2,"featured_media":77000,"comment_status":"","ping_status":"","sticky":false,"template":"","format":"standard","meta":{"footnotes":""},"categories":[68],"tags":[34,129,111,110,31,33,32,30],"class_list":{"0":"post-76999","1":"post","2":"type-post","3":"status-publish","4":"format-standard","5":"has-post-thumbnail","7":"category-sport","8":"tag-se","9":"tag-sections-fotboll","10":"tag-sport","11":"tag-sports","12":"tag-svenska","13":"tag-sverige","14":"tag-sweden","15":"tag-swedish"},"share_on_mastodon":{"url":"https:\/\/pubeurope.com\/@se\/115525465423929076","error":""},"_links":{"self":[{"href":"https:\/\/www.europesays.com\/se\/wp-json\/wp\/v2\/posts\/76999","targetHints":{"allow":["GET"]}}],"collection":[{"href":"https:\/\/www.europesays.com\/se\/wp-json\/wp\/v2\/posts"}],"about":[{"href":"https:\/\/www.europesays.com\/se\/wp-json\/wp\/v2\/types\/post"}],"author":[{"embeddable":true,"href":"https:\/\/www.europesays.com\/se\/wp-json\/wp\/v2\/users\/2"}],"replies":[{"embeddable":true,"href":"https:\/\/www.europesays.com\/se\/wp-json\/wp\/v2\/comments?post=76999"}],"version-history":[{"count":0,"href":"https:\/\/www.europesays.com\/se\/wp-json\/wp\/v2\/posts\/76999\/revisions"}],"wp:featuredmedia":[{"embeddable":true,"href":"https:\/\/www.europesays.com\/se\/wp-json\/wp\/v2\/media\/77000"}],"wp:attachment":[{"href":"https:\/\/www.europesays.com\/se\/wp-json\/wp\/v2\/media?parent=76999"}],"wp:term":[{"taxonomy":"category","embeddable":true,"href":"https:\/\/www.europesays.com\/se\/wp-json\/wp\/v2\/categories?post=76999"},{"taxonomy":"post_tag","embeddable":true,"href":"https:\/\/www.europesays.com\/se\/wp-json\/wp\/v2\/tags?post=76999"}],"curies":[{"name":"wp","href":"https:\/\/api.w.org\/{rel}","templated":true}]}}