{"id":77247,"date":"2025-11-10T18:36:10","date_gmt":"2025-11-10T18:36:10","guid":{"rendered":"https:\/\/www.europesays.com\/se\/77247\/"},"modified":"2025-11-10T18:36:10","modified_gmt":"2025-11-10T18:36:10","slug":"expressen-direkt-senaste-nytt-i-korthet-752","status":"publish","type":"post","link":"https:\/\/www.europesays.com\/se\/77247\/","title":{"rendered":"Expressen Direkt \u2013 senaste nytt i korthet"},"content":{"rendered":"<p>Ton\u00e5ring f\u00f6rsvunnen \u2013 s\u00f6kinsats i Nora<\/p>\n<p id=\"isPasted\">En pojke i nedre ton\u00e5ren i Nora har inte kommit hem efter skoldagens slut och har inte g\u00e5tt att n\u00e5. Polisen har d\u00e4rf\u00f6r inlett en s\u00f6kinsats och klassar \u00e4rendet som en f\u00f6rsvunnen person.<\/p>\n<p>Pojken har inte tidigare varit f\u00f6rsvunnen.<\/p>\n<p>\u2013 Han brukar g\u00e5 hem efter skolan men det har han inte gjort idag. Vi vill f\u00e5 kontakt med honom och f\u00e5 honom att komma hem, s\u00e4ger Anders Dahlman, presstalesperson vid polisregion Bergslagen.<\/p>\n<p>Pojken \u00e4r cirka 160 centimeter l\u00e5ng, smal till kroppsbyggnaden och bar senast en gr\u00f6n jacka med luva, gr\u00e5 byxor och glas\u00f6gon.<\/p>\n<p>Polisen har s\u00f6kt p\u00e5 flera platser med patruller och hund.<\/p>\n<p>\u2013 Det \u00e4r m\u00f6rkt nu, vilket g\u00f6r det sv\u00e5rare. Om n\u00e5gon ser honom f\u00e5r man g\u00e4rna g\u00e5 fram och ta kontakt p\u00e5 ett v\u00e4nligt s\u00e4tt eller ringa oss direkt, s\u00e4ger Dahlman.<\/p>\n<p>Vidare \u00f6nskar polisen tips och iakttagelser som kan leda till att pojken antr\u00e4ffas.<\/p>\n","protected":false},"excerpt":{"rendered":"Ton\u00e5ring f\u00f6rsvunnen \u2013 s\u00f6kinsats i Nora En pojke i nedre ton\u00e5ren i Nora har inte kommit hem efter&hellip;\n","protected":false},"author":2,"featured_media":39,"comment_status":"","ping_status":"","sticky":false,"template":"","format":"standard","meta":{"footnotes":""},"categories":[14],"tags":[22,23,26,27,35,17,21,24,25,28,29,15,16,18,34,31,33,32,30,19,20,51,52,53,54],"class_list":{"0":"post-77247","1":"post","2":"type-post","3":"status-publish","4":"format-standard","5":"has-post-thumbnail","7":"category-varlden","8":"tag-breaking-news","9":"tag-breakingnews","10":"tag-featured-news","11":"tag-featurednews","12":"tag-function-ta-bort-ai-rost","13":"tag-headlines","14":"tag-huvudnyheter","15":"tag-latest-news","16":"tag-latestnews","17":"tag-main-news","18":"tag-mainnews","19":"tag-news","20":"tag-nyheter","21":"tag-rubriker","22":"tag-se","23":"tag-svenska","24":"tag-sverige","25":"tag-sweden","26":"tag-swedish","27":"tag-top-stories","28":"tag-topstories","29":"tag-varlden","30":"tag-world","31":"tag-world-news","32":"tag-worldnews"},"share_on_mastodon":{"url":"https:\/\/pubeurope.com\/@se\/115526853156948005","error":""},"_links":{"self":[{"href":"https:\/\/www.europesays.com\/se\/wp-json\/wp\/v2\/posts\/77247","targetHints":{"allow":["GET"]}}],"collection":[{"href":"https:\/\/www.europesays.com\/se\/wp-json\/wp\/v2\/posts"}],"about":[{"href":"https:\/\/www.europesays.com\/se\/wp-json\/wp\/v2\/types\/post"}],"author":[{"embeddable":true,"href":"https:\/\/www.europesays.com\/se\/wp-json\/wp\/v2\/users\/2"}],"replies":[{"embeddable":true,"href":"https:\/\/www.europesays.com\/se\/wp-json\/wp\/v2\/comments?post=77247"}],"version-history":[{"count":0,"href":"https:\/\/www.europesays.com\/se\/wp-json\/wp\/v2\/posts\/77247\/revisions"}],"wp:featuredmedia":[{"embeddable":true,"href":"https:\/\/www.europesays.com\/se\/wp-json\/wp\/v2\/media\/39"}],"wp:attachment":[{"href":"https:\/\/www.europesays.com\/se\/wp-json\/wp\/v2\/media?parent=77247"}],"wp:term":[{"taxonomy":"category","embeddable":true,"href":"https:\/\/www.europesays.com\/se\/wp-json\/wp\/v2\/categories?post=77247"},{"taxonomy":"post_tag","embeddable":true,"href":"https:\/\/www.europesays.com\/se\/wp-json\/wp\/v2\/tags?post=77247"}],"curies":[{"name":"wp","href":"https:\/\/api.w.org\/{rel}","templated":true}]}}