{"id":77279,"date":"2025-11-10T19:02:18","date_gmt":"2025-11-10T19:02:18","guid":{"rendered":"https:\/\/www.europesays.com\/se\/77279\/"},"modified":"2025-11-10T19:02:18","modified_gmt":"2025-11-10T19:02:18","slug":"tva-till-sjukhus-efter-brand-i-centrala-stockholm","status":"publish","type":"post","link":"https:\/\/www.europesays.com\/se\/77279\/","title":{"rendered":"Tv\u00e5 till sjukhus efter brand i centrala Stockholm"},"content":{"rendered":"<p>Tv\u00e5 personer har f\u00f6rts till sjukhus efter en brand i ett flerfamiljshus p\u00e5 G\u00e4rdet i centrala Stockholm. Det \u00e4r oklart hur allvarligt skadade de \u00e4r.<\/p>\n<p>Polisen fick in larmet om branden vid 11.15-tiden. Branden hade utbrutit p\u00e5 f\u00f6rsta v\u00e5ningen i ett sexv\u00e5ningshus.<\/p>\n<p>Vid 12-tiden var branden sl\u00e4ckt.<\/p>\n<p>Omni \u00e4r politiskt obundna och oberoende. Vi str\u00e4var efter att ge fler perspektiv p\u00e5 nyheterna. Har du fr\u00e5gor eller synpunkter kring v\u00e5r rapportering? <a href=\"https:\/\/omni.se\/tva-till-sjukhus-efter-brand-i-centrala-stockholm\/a\/mailto:redaktion@omni.se\" class=\"ArticleActions_contactLink__W2F1M\" rel=\"nofollow noopener\" target=\"_blank\">Kontakta redaktionen<\/a><\/p>\n","protected":false},"excerpt":{"rendered":"Tv\u00e5 personer har f\u00f6rts till sjukhus efter en brand i ett flerfamiljshus p\u00e5 G\u00e4rdet i centrala Stockholm. Det&hellip;\n","protected":false},"author":2,"featured_media":77280,"comment_status":"","ping_status":"","sticky":false,"template":"","format":"standard","meta":{"footnotes":""},"categories":[5],"tags":[22,23,26,27,17,21,24,25,28,29,15,16,18,34,258,127,31,33,32,30,19,20],"class_list":{"0":"post-77279","1":"post","2":"type-post","3":"status-publish","4":"format-standard","5":"has-post-thumbnail","7":"category-rubriker","8":"tag-breaking-news","9":"tag-breakingnews","10":"tag-featured-news","11":"tag-featurednews","12":"tag-headlines","13":"tag-huvudnyheter","14":"tag-latest-news","15":"tag-latestnews","16":"tag-main-news","17":"tag-mainnews","18":"tag-news","19":"tag-nyheter","20":"tag-rubriker","21":"tag-se","22":"tag-stockholm","23":"tag-stockholms-lan","24":"tag-svenska","25":"tag-sverige","26":"tag-sweden","27":"tag-swedish","28":"tag-top-stories","29":"tag-topstories"},"share_on_mastodon":{"url":"https:\/\/pubeurope.com\/@se\/115526955305559473","error":""},"_links":{"self":[{"href":"https:\/\/www.europesays.com\/se\/wp-json\/wp\/v2\/posts\/77279","targetHints":{"allow":["GET"]}}],"collection":[{"href":"https:\/\/www.europesays.com\/se\/wp-json\/wp\/v2\/posts"}],"about":[{"href":"https:\/\/www.europesays.com\/se\/wp-json\/wp\/v2\/types\/post"}],"author":[{"embeddable":true,"href":"https:\/\/www.europesays.com\/se\/wp-json\/wp\/v2\/users\/2"}],"replies":[{"embeddable":true,"href":"https:\/\/www.europesays.com\/se\/wp-json\/wp\/v2\/comments?post=77279"}],"version-history":[{"count":0,"href":"https:\/\/www.europesays.com\/se\/wp-json\/wp\/v2\/posts\/77279\/revisions"}],"wp:featuredmedia":[{"embeddable":true,"href":"https:\/\/www.europesays.com\/se\/wp-json\/wp\/v2\/media\/77280"}],"wp:attachment":[{"href":"https:\/\/www.europesays.com\/se\/wp-json\/wp\/v2\/media?parent=77279"}],"wp:term":[{"taxonomy":"category","embeddable":true,"href":"https:\/\/www.europesays.com\/se\/wp-json\/wp\/v2\/categories?post=77279"},{"taxonomy":"post_tag","embeddable":true,"href":"https:\/\/www.europesays.com\/se\/wp-json\/wp\/v2\/tags?post=77279"}],"curies":[{"name":"wp","href":"https:\/\/api.w.org\/{rel}","templated":true}]}}