{"id":77298,"date":"2025-11-10T19:28:06","date_gmt":"2025-11-10T19:28:06","guid":{"rendered":"https:\/\/www.europesays.com\/se\/77298\/"},"modified":"2025-11-10T19:28:06","modified_gmt":"2025-11-10T19:28:06","slug":"1-024-turkiska-fotbollsspelare-utreds-i-skandal","status":"publish","type":"post","link":"https:\/\/www.europesays.com\/se\/77298\/","title":{"rendered":"1\u00a0024 turkiska fotbollsspelare utreds i skandal"},"content":{"rendered":"<p>En omfattande spelskandal h\u00e5ller just nu p\u00e5 att rullas upp i Turkiet d\u00e4r mer \u00e4n 1\u202f000 spelare utreds f\u00f6r att ha satsat pengar p\u00e5 sina egna matcher, skriver en rad sportmedier. <\/p>\n<p>F\u00f6r en dryg vecka sedan st\u00e4ngdes 149 misst\u00e4nkta domare av f\u00f6r sin koppling till skandalen, och nu har ocks\u00e5 1\u202f024 spelare st\u00e4ngts av. D\u00e4rtill har \u00e5tta personer, varav en \u00e4r ordf\u00f6rande i en klubb, gripits under m\u00e5ndagen. <\/p>\n<p>Av spelarna \u00e5terfinns 27 i h\u00f6gstaligan S\u00fcper Lig och de namnges av det turkiska fotbollsf\u00f6rbundet. Som en f\u00f6ljd av skandalen pausas tredje- och fj\u00e4rdeligan i tv\u00e5 veckor, f\u00f6rsta- och andraligan forts\u00e4tter som vanligt. <\/p>\n<p>Omni \u00e4r politiskt obundna och oberoende. Vi str\u00e4var efter att ge fler perspektiv p\u00e5 nyheterna. Har du fr\u00e5gor eller synpunkter kring v\u00e5r rapportering? <a href=\"https:\/\/omni.se\/1024-turkiska-fotbollsspelare-utreds-i-skandal\/a\/mailto:redaktion@omni.se\" class=\"ArticleActions_contactLink__W2F1M\" rel=\"nofollow noopener\" target=\"_blank\">Kontakta redaktionen<\/a><\/p>\n","protected":false},"excerpt":{"rendered":"En omfattande spelskandal h\u00e5ller just nu p\u00e5 att rullas upp i Turkiet d\u00e4r mer \u00e4n 1\u202f000 spelare utreds&hellip;\n","protected":false},"author":2,"featured_media":77299,"comment_status":"","ping_status":"","sticky":false,"template":"","format":"standard","meta":{"footnotes":""},"categories":[68],"tags":[138,34,111,110,31,33,32,30],"class_list":{"0":"post-77298","1":"post","2":"type-post","3":"status-publish","4":"format-standard","5":"has-post-thumbnail","7":"category-sport","8":"tag-fotboll","9":"tag-se","10":"tag-sport","11":"tag-sports","12":"tag-svenska","13":"tag-sverige","14":"tag-sweden","15":"tag-swedish"},"share_on_mastodon":{"url":"https:\/\/pubeurope.com\/@se\/115527057695718838","error":""},"_links":{"self":[{"href":"https:\/\/www.europesays.com\/se\/wp-json\/wp\/v2\/posts\/77298","targetHints":{"allow":["GET"]}}],"collection":[{"href":"https:\/\/www.europesays.com\/se\/wp-json\/wp\/v2\/posts"}],"about":[{"href":"https:\/\/www.europesays.com\/se\/wp-json\/wp\/v2\/types\/post"}],"author":[{"embeddable":true,"href":"https:\/\/www.europesays.com\/se\/wp-json\/wp\/v2\/users\/2"}],"replies":[{"embeddable":true,"href":"https:\/\/www.europesays.com\/se\/wp-json\/wp\/v2\/comments?post=77298"}],"version-history":[{"count":0,"href":"https:\/\/www.europesays.com\/se\/wp-json\/wp\/v2\/posts\/77298\/revisions"}],"wp:featuredmedia":[{"embeddable":true,"href":"https:\/\/www.europesays.com\/se\/wp-json\/wp\/v2\/media\/77299"}],"wp:attachment":[{"href":"https:\/\/www.europesays.com\/se\/wp-json\/wp\/v2\/media?parent=77298"}],"wp:term":[{"taxonomy":"category","embeddable":true,"href":"https:\/\/www.europesays.com\/se\/wp-json\/wp\/v2\/categories?post=77298"},{"taxonomy":"post_tag","embeddable":true,"href":"https:\/\/www.europesays.com\/se\/wp-json\/wp\/v2\/tags?post=77298"}],"curies":[{"name":"wp","href":"https:\/\/api.w.org\/{rel}","templated":true}]}}