{"id":77316,"date":"2025-11-10T20:05:22","date_gmt":"2025-11-10T20:05:22","guid":{"rendered":"https:\/\/www.europesays.com\/se\/77316\/"},"modified":"2025-11-10T20:05:22","modified_gmt":"2025-11-10T20:05:22","slug":"smallen-zohorna-utgick-skadad-i-landslaget","status":"publish","type":"post","link":"https:\/\/www.europesays.com\/se\/77316\/","title":{"rendered":"Sm\u00e4llen: Zohorna utgick skadad i landslaget"},"content":{"rendered":"<p><strong>Radim Zohorna kunde inte fullf\u00f6lja g\u00e5rdagens landskamp mot Schweiz.<br \/>F\u00e4rjestads tjeckiske center tvingades kliva av 4\u20130-segern skadad efter en sm\u00e4ll.<br \/>\u2013 Han \u00e5drog sig en \u00f6verkroppsskada, konstaterar f\u00f6rbundskaptenen Radim Rul\u00edk f\u00f6r <a href=\"https:\/\/www.hokej.cz\/kempny-u-porodu-strach-o-zohornu-co-rulikovi-rekl-turnaj-smerem-k-olympiade\/5091842\" rel=\"nofollow noopener\" target=\"_blank\">Hokej.cz<\/a>.<\/strong><\/p>\n<p><img loading=\"lazy\" decoding=\"async\" width=\"1024\" height=\"658\" src=\"https:\/\/www.europesays.com\/se\/wp-content\/uploads\/2025\/11\/251030FK027-1024x658.webp.webp\" alt=\"Radim Zohorna\" class=\"wp-image-323953\"  \/>Radim Zohorna.<br \/><strong>Foto: <\/strong>Fredrik Karlsson\/Bildbyr\u00e5n<\/p>\n<p>Det var i slutet av den f\u00f6rsta perioden som <a href=\"https:\/\/hockeysverige.se\/klubb\/farjestad-bk\/\" rel=\"nofollow noopener\" target=\"_blank\">F\u00e4rjestads<\/a> tjeckiske landslagscenter <a href=\"https:\/\/hockeysverige.se\/spelare\/radim-zohorna\/\" rel=\"nofollow noopener\" target=\"_blank\">Radim Zohorna<\/a> \u00e5kte p\u00e5 en sm\u00e4ll fr\u00e5n schweiziska Nicolas Baechler.<\/p>\n<p>Sm\u00e4llen tog s\u00e5 pass illa att Zohorna fick hj\u00e4lps av isen, innan han togs omhand av landslagsl\u00e4karen.<\/p>\n<p>\u2013 Han \u00e5drog sig en \u00f6verkroppsskada. Vi ska inte s\u00e4ga n\u00e5got och f\u00f6reg\u00e5 F\u00e4rjestad, men jag kan s\u00e4ga s\u00e5 h\u00e4r: han fick en sm\u00e4ll och k\u00e4nner sig inte bekv\u00e4m. Vi f\u00e5r se vad som h\u00e4nder h\u00e4rn\u00e4st. Han ska genomg\u00e5 n\u00e5gra tester, sedan f\u00e5r vi se, s\u00e4ger f\u00f6rbundskaptenen Radim Rul\u00edk till Hokej.cz.<\/p>\n<p>Har gjort ett m\u00e5l p\u00e5 17 SHL-matcher<\/p>\n<p>Radim Zohorna noterades f\u00f6r en po\u00e4ng p\u00e5 de tre matcher han bokf\u00f6rdes f\u00f6r i Finland Hockey Games via ett m\u00e5l mot Finland under l\u00f6rdagen. I F\u00e4rjestad har Zohorna den h\u00e4r s\u00e4songen haft sv\u00e5rt att f\u00e5 fart p\u00e5 po\u00e4ngproduktionen och st\u00e5r efter 17 SHL-matcher noterad f\u00f6r ett m\u00e5l och totalt sex po\u00e4ng.<\/p>\n<p>\u00c4ven <a href=\"https:\/\/hockeysverige.se\/klubb\/brynas-if\/\" rel=\"nofollow noopener\" target=\"_blank\">Bryn\u00e4s<\/a> back Michal Kempny missade s\u00f6ndagens match mot Schweiz, d\u00e5 backen l\u00e4mnat landslagssamlingen f\u00f6r att vara med p\u00e5 f\u00f6dseln f\u00f6r sitt barn.<\/p>\n<p>\u2013 P\u00e5 morgonen skickade han en bild p\u00e5 hans fru och bebisen. Ett stort grattis till honom och vi tackar honom f\u00f6r att han kom, trots de sv\u00e5ra omst\u00e4ndigheterna, s\u00e4ger Rul\u00efk.<\/p>\n<p> Source: <a href=\"https:\/\/www.eliteprospects.com\/player\/190526\/radim-zohorna\" target=\"_blank\" rel=\"noopener noreferrer nofollow\">Radim Zohorna<\/a> @ Elite Prospects<\/p>\n","protected":false},"excerpt":{"rendered":"Radim Zohorna kunde inte fullf\u00f6lja g\u00e5rdagens landskamp mot Schweiz.F\u00e4rjestads tjeckiske center tvingades kliva av 4\u20130-segern skadad efter en&hellip;\n","protected":false},"author":2,"featured_media":77317,"comment_status":"","ping_status":"","sticky":false,"template":"","format":"standard","meta":{"footnotes":""},"categories":[68],"tags":[34,133,134,111,110,31,33,32,30],"class_list":{"0":"post-77316","1":"post","2":"type-post","3":"status-publish","4":"format-standard","5":"has-post-thumbnail","7":"category-sport","8":"tag-se","9":"tag-second-news","10":"tag-shl","11":"tag-sport","12":"tag-sports","13":"tag-svenska","14":"tag-sverige","15":"tag-sweden","16":"tag-swedish"},"share_on_mastodon":{"url":"https:\/\/pubeurope.com\/@se\/115527203293925026","error":""},"_links":{"self":[{"href":"https:\/\/www.europesays.com\/se\/wp-json\/wp\/v2\/posts\/77316","targetHints":{"allow":["GET"]}}],"collection":[{"href":"https:\/\/www.europesays.com\/se\/wp-json\/wp\/v2\/posts"}],"about":[{"href":"https:\/\/www.europesays.com\/se\/wp-json\/wp\/v2\/types\/post"}],"author":[{"embeddable":true,"href":"https:\/\/www.europesays.com\/se\/wp-json\/wp\/v2\/users\/2"}],"replies":[{"embeddable":true,"href":"https:\/\/www.europesays.com\/se\/wp-json\/wp\/v2\/comments?post=77316"}],"version-history":[{"count":0,"href":"https:\/\/www.europesays.com\/se\/wp-json\/wp\/v2\/posts\/77316\/revisions"}],"wp:featuredmedia":[{"embeddable":true,"href":"https:\/\/www.europesays.com\/se\/wp-json\/wp\/v2\/media\/77317"}],"wp:attachment":[{"href":"https:\/\/www.europesays.com\/se\/wp-json\/wp\/v2\/media?parent=77316"}],"wp:term":[{"taxonomy":"category","embeddable":true,"href":"https:\/\/www.europesays.com\/se\/wp-json\/wp\/v2\/categories?post=77316"},{"taxonomy":"post_tag","embeddable":true,"href":"https:\/\/www.europesays.com\/se\/wp-json\/wp\/v2\/tags?post=77316"}],"curies":[{"name":"wp","href":"https:\/\/api.w.org\/{rel}","templated":true}]}}