{"id":77318,"date":"2025-11-10T20:06:11","date_gmt":"2025-11-10T20:06:11","guid":{"rendered":"https:\/\/www.europesays.com\/se\/77318\/"},"modified":"2025-11-10T20:06:11","modified_gmt":"2025-11-10T20:06:11","slug":"felix-herngren-dar-solen-alltid-skiner-likheterna-med-tom","status":"publish","type":"post","link":"https:\/\/www.europesays.com\/se\/77318\/","title":{"rendered":"Felix Herngren D\u00e4r solen alltid skiner \u2013 likheterna med Tom"},"content":{"rendered":"<p>Publicerad 10 nov 2025 kl 21.00<\/p>\n<p>D\u00e5: \u00c5ngest. \u00a0<\/p>\n<p>Nu: En njutning att g\u00e5 till jobbet. \u00a0<\/p>\n<p>Felix Herngren, aktuell med \u201dD\u00e4r solen alltid skiner\u201d, ber\u00e4ttar:\u00a0<\/p>\n<p>\u2013\u00a0N\u00e4r vi flyttade hit till Mallorca s\u00e5 k\u00e4nde jag att jag kan bara inte vara ledig. Det \u00e4r inte bra f\u00f6r mig.<\/p>\n<p><img   alt=\"\"\/><\/p>\n<p>Felix Herngren \u00e4r upphovsman och regisserar \u201dD\u00e4r solen alltid skiner\u201d.<\/p>\n<p>Foto: Karin T\u00f6rnblom \/ IBL<\/p>\n<p>\u00d6ppna bild i helsk\u00e4rm<img loading=\"lazy\"   alt=\"\"\/><\/p>\n<p>Clara och Felix Herngren.<\/p>\n<p>Foto: CHRISTINE OLSSON\/TT \/ TT NYHETSBYR\u00c5N<\/p>\n<p>\u00d6ppna bild i helsk\u00e4rm<\/p>\n<p><a href=\"https:\/\/www.expressen.se\/tagg\/person\/felix-herngren\/\" class=\"\" rel=\"nofollow noopener\" target=\"_blank\">Felix Herngren<\/a> var 25-30 \u00e5r gammal d\u00e5 han best\u00e4mde sig: n\u00e4r han fyllde 50 planerade han att g\u00e5 i pension.\u00a0<\/p>\n<p>\u201dJag ska checka ut och njuta av livet\u201d, t\u00e4nkte han.\u00a0<\/p>\n<p>F\u00f6r Herngren, 58, blev det aldrig s\u00e5.\u00a0<\/p>\n<p>Han vet och ska f\u00f6rklara varf\u00f6r.\u00a0<\/p>\n<p>Nu \u00e4r Felix Herngren aktuell med \u201dD\u00e4r solen alltid skiner\u201d. I den finns flera paralleller till hans egna liv.\u00a0<\/p>\n<p>Serien f\u00f6ljer bland annat rollfiguren Tom. Han har s\u00e5lt sin Ica Maxi-butik i Link\u00f6ping och flyttat till Mallorca med sin Petra och deras s\u00f6ner.\u00a0<\/p>\n<p>2019 s\u00e5ldes FLX \u2013 Felix Herngren var en av produktionsbolaget grundare \u2013 till SF Studios f\u00f6r m\u00e5ngmiljonbelopp.\u00a0<\/p>\n<p>Numera bor Felix Herngren, hans fru Clara och flera av deras barn p\u00e5 Mallorca.\u00a0<\/p>\n<p>\u201dDet blev f\u00f6r mycket ansvar f\u00f6r mig\u201d<\/p>\n<p>Likheterna \u00e4r, f\u00f6rst\u00e5s, sl\u00e5ende mellan Felix Herngren och rollfiguren Tom, som spelas av Per Lasson.\u00a0<\/p>\n<p>Men, s\u00e4ger Herngren:<\/p>\n<p>\u00a0\u2013 Du \u00e4r absolut p\u00e5 det. Jag kan identifiera mig ganska mycket med Tom. Mycket av hans k\u00e4mpande k\u00e4nner jag igen mig i och en hel del av mina tankar kring det h\u00e4r finns hos honom.\u00a0<\/p>\n<p>\u2013\u00a0Ett tag, n\u00e4r FLX var som st\u00f6rst, k\u00e4nde jag att det var f\u00f6r mycket. Det blev f\u00f6r mycket ansvar f\u00f6r mig, f\u00f6r mycket att h\u00e5lla koll p\u00e5. Jag vill h\u00e5lla p\u00e5 med film.<\/p>\n<p><strong>Och nu?\u00a0<\/strong><\/p>\n<p>\u2013 Nu har \u00e5ren g\u00e5tt, jag \u00e4r fortfarande del\u00e4gare, och i samband med att vi flyttade hit till Mallorca s\u00e5 k\u00e4nde jag att jag kan bara inte vara ledig. Det \u00e4r inte bra f\u00f6r mig.\u00a0<\/p>\n<p>\u2013 N\u00e4r man pl\u00f6tsligt har m\u00f6jligheten att dra, d\u00e5 k\u00e4nner man \u201dnej, det vill jag inte\u201d.\u00a0<\/p>\n<p><img loading=\"lazy\"   alt=\"\"\/><\/p>\n<p>Felix Herngren och Per Lasson i \u201dD\u00e4r solen alltid skiner\u201d.<\/p>\n<p>Foto: FLX \/ SkyShowtime<\/p>\n<p>\u00d6ppna bild i helsk\u00e4rm<img loading=\"lazy\"   alt=\"\"\/><\/p>\n<p>Iris Herngren, Erik Johansson och Rakel W\u00e4rml\u00e4nder.<\/p>\n<p>Foto: SkyShowtime<\/p>\n<p>\u00d6ppna bild i helsk\u00e4rm\u201dJobbet var i m\u00e5nga \u00e5r f\u00f6rknippat med \u00e5ngest\u201d<\/p>\n<p>\u201dD\u00e4r solen alltid skiner\u201d tar en tv\u00e4rv\u00e4ndning under Toms 50-\u00e5rsfest. N\u00e5gra hastiga ord till brodern Timmy startar en h\u00e4ndelsekedja som ingen av rollfigurerna kan f\u00f6rutse.\u00a0<\/p>\n<p>Ungef\u00e4r d\u00e4r tar de st\u00f6rre likheterna mellan Felix Herngrens och Toms liv slut.\u00a0<\/p>\n<p>\u2013 Jag gick aldrig s\u00e5 l\u00e5ngt att jag s\u00e5lde bolaget och flyttade och f\u00f6rs\u00f6kte g\u00f6ra ingenting och bara tr\u00e4na, s\u00e5 som Tom g\u00f6r. Jag jobbar p\u00e5 n\u00e4r jag \u00e4r h\u00e4r p\u00e5 Mallorca. F\u00f6r mig \u00e4r att h\u00e5lla p\u00e5 med film att njuta av livet, s\u00e4ger Felix Herngren och forts\u00e4tter:\u00a0<\/p>\n<p>\u2013 Fr\u00e5n det att jag var 20 till det att jag var typ 35 s\u00e5 hade jag ganska mycket \u00e5ngest och undrade om jag skulle \u00f6verleva i branschen, kommer kanalerna ringa n\u00e4sta \u00e5r igen och s\u00e5 vidare. Jag har m\u00e5nga barn och inte bara mig sj\u00e4lv att f\u00f6rs\u00f6rja s\u00e5 jobbet var i m\u00e5nga \u00e5r f\u00f6rknippat med \u00e5ngest.\u00a0<\/p>\n<p>\u2013\u00a0Det har g\u00e5tt \u00f6ver, s\u00e4rskilt sedan \u201dSolsidan\u201d blev en hit och en l\u00e5ngvarig succ\u00e9, n\u00e5got som ocks\u00e5 gjort att jag njuter mycket mer av arbetet \u00e4n tidigare.\u00a0<\/p>\n<p>MER OM &#8221;D\u00c4R SOLEN ALLTID SKINER&#8221;<\/p>\n<p>\u2022 \u201dD\u00e4r solen alltid skiner\u201d har premi\u00e4r 10 november p\u00e5 SkyShowtime.\u00a0<\/p>\n<p>\u2022 Huvudrollerna spelas av Lisa Linnertorp, Per Lasson, Erik Johansson och Rakel W\u00e4rml\u00e4nder medan bland andra August Wittgenstein, Claes M\u00e5nsson, Suzanne Reuter, Iris Herngren, Elis Gerdt, Elvin Philipsson, Sofia Ledarp samt Peter Magnusson, Ibrahim Faal, Inger Nilsson, Wojtek Goral och David Batra finns p\u00e5 rollistan.\u00a0<\/p>\n<p>\u2022 \u201dD\u00e4r solen alltid skiner produceras av FLX med Sussan Treschow som producent. Serien \u00e4r en samproduktion med SkyShowtime och SVT.\u00a0<\/p>\n<p>\u2022 Felix Herngren regisserar. Huvudmanusf\u00f6rfattare \u00e4r Maria Nygren medan Josefin Johansson \u00e4r avsnittsf\u00f6rfattare.\u00a0<\/p>\n<p>Visa mer<\/p>\n","protected":false},"excerpt":{"rendered":"Publicerad 10 nov 2025 kl 21.00 D\u00e5: \u00c5ngest. \u00a0 Nu: En njutning att g\u00e5 till jobbet. \u00a0 Felix&hellip;\n","protected":false},"author":2,"featured_media":77319,"comment_status":"","ping_status":"","sticky":false,"template":"","format":"standard","meta":{"footnotes":""},"categories":[67],"tags":[104,482,5052,34,645,31,33,32,30,310,109,646,105],"class_list":{"0":"post-77318","1":"post","2":"type-post","3":"status-publish","4":"format-standard","5":"has-post-thumbnail","7":"category-underhallning","8":"tag-entertainment","9":"tag-location-mallorca","10":"tag-person-felix-herngren","11":"tag-se","12":"tag-sections-tv","13":"tag-svenska","14":"tag-sverige","15":"tag-sweden","16":"tag-swedish","17":"tag-topic-kandisar","18":"tag-topic-skadespelare","19":"tag-topic-tv-serier","20":"tag-underhallning"},"share_on_mastodon":{"url":"https:\/\/pubeurope.com\/@se\/115527207054892855","error":""},"_links":{"self":[{"href":"https:\/\/www.europesays.com\/se\/wp-json\/wp\/v2\/posts\/77318","targetHints":{"allow":["GET"]}}],"collection":[{"href":"https:\/\/www.europesays.com\/se\/wp-json\/wp\/v2\/posts"}],"about":[{"href":"https:\/\/www.europesays.com\/se\/wp-json\/wp\/v2\/types\/post"}],"author":[{"embeddable":true,"href":"https:\/\/www.europesays.com\/se\/wp-json\/wp\/v2\/users\/2"}],"replies":[{"embeddable":true,"href":"https:\/\/www.europesays.com\/se\/wp-json\/wp\/v2\/comments?post=77318"}],"version-history":[{"count":0,"href":"https:\/\/www.europesays.com\/se\/wp-json\/wp\/v2\/posts\/77318\/revisions"}],"wp:featuredmedia":[{"embeddable":true,"href":"https:\/\/www.europesays.com\/se\/wp-json\/wp\/v2\/media\/77319"}],"wp:attachment":[{"href":"https:\/\/www.europesays.com\/se\/wp-json\/wp\/v2\/media?parent=77318"}],"wp:term":[{"taxonomy":"category","embeddable":true,"href":"https:\/\/www.europesays.com\/se\/wp-json\/wp\/v2\/categories?post=77318"},{"taxonomy":"post_tag","embeddable":true,"href":"https:\/\/www.europesays.com\/se\/wp-json\/wp\/v2\/tags?post=77318"}],"curies":[{"name":"wp","href":"https:\/\/api.w.org\/{rel}","templated":true}]}}