{"id":77431,"date":"2025-11-11T00:12:01","date_gmt":"2025-11-11T00:12:01","guid":{"rendered":"https:\/\/www.europesays.com\/se\/77431\/"},"modified":"2025-11-11T00:12:01","modified_gmt":"2025-11-11T00:12:01","slug":"tonaring-med-hatt-utanfor-louvren-trader-fram-2","status":"publish","type":"post","link":"https:\/\/www.europesays.com\/se\/77431\/","title":{"rendered":"Ton\u00e5ring med hatt utanf\u00f6r Louvren tr\u00e4der fram"},"content":{"rendered":"<p>Publicerad 9 nov 2025 kl 18.44<\/p>\n<p>Det var 15-\u00e5rige Pedro Elias Garzon Delvaux som syntes i hatt tillsammans med poliserna utanf\u00f6r Louvren efter den spektakul\u00e4ra juvelkuppen.\u00a0<\/p>\n<p>Nu tr\u00e4der han fram.<\/p>\n<p><img   alt=\"\"\/> <\/p>\n<p>Foto: THIBAULT CAMUS \/ AP TT NYHETSBYR\u00c5N<\/p>\n<p>\u00d6ppna bild i helsk\u00e4rm<\/p>\n<p>Av en slump gick han rakt in v\u00e4rldsh\u00e4ndelserna, skriver AP som tr\u00e4ffat honom f\u00f6r en intervju. Pedro Elias Garzon Delvaux beskriver sig som ett fan av b\u00e5de Sherlock Holmes och Hercule Poirot men hade \u00e5kt till Louvren f\u00f6r att bes\u00f6ka museet tillsammans med sin familj.<\/p>\n<p>\u2013 Men det var st\u00e4ngt. Vi visste inte att det hade varit en kupp.\u00a0<\/p>\n<p>N\u00e5gra minuter senare blev han fotograferad av AP-fotografen Thibault Camus.<\/p>\n<p>\u2013 Vi visste inte att bilden togs. Vi gick bara f\u00f6rbi.<\/p>\n<p>P\u00e5 internet spreds spekulationerna om att han skulle vara en mystisk detektiv. N\u00e4r Pedro Elias Garzon Delvaux uppt\u00e4ckte att bilden p\u00e5 honom sj\u00e4lv blivit viral valde han att ligga l\u00e5gt.<\/p>\n<p>\u2013 Jag ville inte genast s\u00e4ga att det var jag. Den h\u00e4r bilden var ett mysterium och jag ville bevara det.<\/p>\n<p>Fem miljoner visningar<\/p>\n<p>En v\u00e4n ber\u00e4ttade att bilden hade fem miljoner visningar och hans mamma s\u00e5g att den var publicerad i NY Times.<\/p>\n<p>\u2013 Det h\u00e4nder inte varje dag, s\u00e4ger Pedro Elias Garzon Delvaux och ber\u00e4ttar att han blev kontaktad av kusiner i Colombia och v\u00e4nner i Australien.<\/p>\n<p>Kl\u00e4dstilen d\u00e5? Pedro Elias Garzon Delvaux hade kl\u00e4tt sig som han brukar. Sedan ett \u00e5r tillbaka h\u00e4mtar han sin kl\u00e4dinspiration fr\u00e5n svartvita fotografier av 1900-talets fiktiva detektiver och kostymkl\u00e4dda statsm\u00e4n.<\/p>\n<p>\u2013 Jag gillar att vara chic. Jag g\u00e5r till skolan s\u00e5 h\u00e4r.<\/p>\n<p><strong>L\u00c4S MER: <\/strong><a href=\"https:\/\/www.expressen.se\/nyheter\/varlden\/steg-for-steg-sa-gick-kuppen-pa-louvren-till-\/\" class=\"\" rel=\"nofollow noopener\" target=\"_blank\">Steg f\u00f6r steg \u2013 s\u00e5 gick kuppen p\u00e5 Louvren till<\/a><\/p>\n","protected":false},"excerpt":{"rendered":"Publicerad 9 nov 2025 kl 18.44 Det var 15-\u00e5rige Pedro Elias Garzon Delvaux som syntes i hatt tillsammans&hellip;\n","protected":false},"author":2,"featured_media":77432,"comment_status":"","ping_status":"","sticky":false,"template":"","format":"standard","meta":{"footnotes":""},"categories":[67],"tags":[104,6728,34,55,31,33,32,30,1499,105],"class_list":{"0":"post-77431","1":"post","2":"type-post","3":"status-publish","4":"format-standard","5":"has-post-thumbnail","7":"category-underhallning","8":"tag-entertainment","9":"tag-organization-musee-du-louvre","10":"tag-se","11":"tag-sections-varlden","12":"tag-svenska","13":"tag-sverige","14":"tag-sweden","15":"tag-swedish","16":"tag-topic-ran-stold","17":"tag-underhallning"},"share_on_mastodon":{"url":"https:\/\/pubeurope.com\/@se\/115528174337678712","error":""},"_links":{"self":[{"href":"https:\/\/www.europesays.com\/se\/wp-json\/wp\/v2\/posts\/77431","targetHints":{"allow":["GET"]}}],"collection":[{"href":"https:\/\/www.europesays.com\/se\/wp-json\/wp\/v2\/posts"}],"about":[{"href":"https:\/\/www.europesays.com\/se\/wp-json\/wp\/v2\/types\/post"}],"author":[{"embeddable":true,"href":"https:\/\/www.europesays.com\/se\/wp-json\/wp\/v2\/users\/2"}],"replies":[{"embeddable":true,"href":"https:\/\/www.europesays.com\/se\/wp-json\/wp\/v2\/comments?post=77431"}],"version-history":[{"count":0,"href":"https:\/\/www.europesays.com\/se\/wp-json\/wp\/v2\/posts\/77431\/revisions"}],"wp:featuredmedia":[{"embeddable":true,"href":"https:\/\/www.europesays.com\/se\/wp-json\/wp\/v2\/media\/77432"}],"wp:attachment":[{"href":"https:\/\/www.europesays.com\/se\/wp-json\/wp\/v2\/media?parent=77431"}],"wp:term":[{"taxonomy":"category","embeddable":true,"href":"https:\/\/www.europesays.com\/se\/wp-json\/wp\/v2\/categories?post=77431"},{"taxonomy":"post_tag","embeddable":true,"href":"https:\/\/www.europesays.com\/se\/wp-json\/wp\/v2\/tags?post=77431"}],"curies":[{"name":"wp","href":"https:\/\/api.w.org\/{rel}","templated":true}]}}