{"id":77450,"date":"2025-11-11T01:13:08","date_gmt":"2025-11-11T01:13:08","guid":{"rendered":"https:\/\/www.europesays.com\/se\/77450\/"},"modified":"2025-11-11T01:13:08","modified_gmt":"2025-11-11T01:13:08","slug":"smhi-varnar-for-ishalka-expressen-2","status":"publish","type":"post","link":"https:\/\/www.europesays.com\/se\/77450\/","title":{"rendered":"SMHI varnar f\u00f6r ishalka &#8211; Expressen"},"content":{"rendered":"<ol>\n<li><a href=\"https:\/\/news.google.com\/rss\/articles\/CBMilwFBVV95cUxNYjVPbWJiSWJWSjBuZXlWT0lRRU1SVGkzX0RVNzVmNmw4UXc1UmtFZHRHWVV1OTFGY0xhcWdYRElEUktzS0xha242YTktMHlnTV83bTJncVZrd3JMdUFaYVF3Y1lvTGdTNzdlUWo4b2l4Nk90WXNORGY0ekpPNmt2dHpuZllscGdIV3Q5OTZoSHRoU3NzUGIw?oc=5\" target=\"_blank\" rel=\"nofollow noopener\">SMHI varnar f\u00f6r ishalka<\/a>&nbsp;&nbsp;Expressen<\/li>\n<li><a href=\"https:\/\/news.google.com\/rss\/articles\/CBMiigFBVV95cUxNTTJ4RTkzNkRxVUNyR2h2TzVySUR4TTg5SmdJeG9NbDlzTU80aXNhU1FMejB2V3dmLXFrNnNzUHZVLVBnaXpac05DdTlCN1d5U01iYnhKYkYtVklDVUdMcjNLLUZwelNPTGFyb3hqNTZNM2o0UzQ1cVc5ajg5ZHRMek5hQXhESDk3bnc?oc=5\" target=\"_blank\" rel=\"nofollow noopener\">Niinist\u00f6 till EU-ledarna: G\u00f6r som Trump<\/a>&nbsp;&nbsp;Aftonbladet<\/li>\n<li><a href=\"https:\/\/news.google.com\/rss\/articles\/CBMilwFBVV95cUxNQ3VzdWJ2S1lPQ0lWelNKMVJ6LUdWZzRCWElXaVZfQmdPTGlDcGdQQUw1c2I0cXROYVAzZ2xuREQ5MURRUjZsV3VqZklDOTZwZ1BYaDh1eEk4NTQ4Z2tkUlZ5dXhPS09URm5sUXpKeWdLdkh5NlNhd2FvTTM3cW5rb1dLZmNZV0VobGxtTjZfQ2RfekZqQU00?oc=5\" target=\"_blank\" rel=\"nofollow noopener\">Man skjuten med luftgev\u00e4r<\/a>&nbsp;&nbsp;Expressen<\/li>\n<li><a href=\"https:\/\/news.google.com\/rss\/articles\/CBMiQEFVX3lxTE56Z2UxeUczQ1FvUHBOMWtWbTZoNTE3clNuekl0dWNrbVRKYmwxUnJmcE1zVktNUVhiaUdzaDJ3bko?oc=5\" target=\"_blank\" rel=\"nofollow noopener\">President Niinist\u00f6: Europa borde tala direkt med Ryssland, som Trump g\u00f6r<\/a>&nbsp;&nbsp;Yle<\/li>\n<li><a href=\"https:\/\/news.google.com\/rss\/articles\/CBMimAFBVV95cUxQUmpHdWNTeVVIaEdnZWFRLWt6X2tpQUhMVC1USWdrY2NSSGRHd211QVRlOGZ6aEVpUzBtVGNJdU5YZklJdURTOVlVa21qaDZTS1Y1YzE3N21BTk1yWEFkMndiQzlYdDM3M2Y5SjQzV2lXRllOZEF2OWwwQmV2VnRxOHFvQ19DZ1hhaTh6aVNlY2lfaDAtZFJyYQ?oc=5\" target=\"_blank\" rel=\"nofollow noopener\">Niinist\u00f6 till Yle: Europa borde vara i direkt kontakt med Ryssland<\/a>&nbsp;&nbsp;Hufvudstadsbladet<\/li>\n<\/ol>\n","protected":false},"excerpt":{"rendered":"SMHI varnar f\u00f6r ishalka&nbsp;&nbsp;Expressen Niinist\u00f6 till EU-ledarna: G\u00f6r som Trump&nbsp;&nbsp;Aftonbladet Man skjuten med luftgev\u00e4r&nbsp;&nbsp;Expressen President Niinist\u00f6: Europa borde&hellip;\n","protected":false},"author":2,"featured_media":62410,"comment_status":"","ping_status":"","sticky":false,"template":"","format":"standard","meta":{"footnotes":""},"categories":[12],"tags":[22,23,26,27,35,17,21,24,25,28,29,15,16,18,34,31,33,32,30,19,20],"class_list":{"0":"post-77450","1":"post","2":"type-post","3":"status-publish","4":"format-standard","5":"has-post-thumbnail","7":"category-sverige","8":"tag-breaking-news","9":"tag-breakingnews","10":"tag-featured-news","11":"tag-featurednews","12":"tag-function-ta-bort-ai-rost","13":"tag-headlines","14":"tag-huvudnyheter","15":"tag-latest-news","16":"tag-latestnews","17":"tag-main-news","18":"tag-mainnews","19":"tag-news","20":"tag-nyheter","21":"tag-rubriker","22":"tag-se","23":"tag-svenska","24":"tag-sverige","25":"tag-sweden","26":"tag-swedish","27":"tag-top-stories","28":"tag-topstories"},"share_on_mastodon":{"url":"https:\/\/pubeurope.com\/@se\/115528414195968104","error":""},"_links":{"self":[{"href":"https:\/\/www.europesays.com\/se\/wp-json\/wp\/v2\/posts\/77450","targetHints":{"allow":["GET"]}}],"collection":[{"href":"https:\/\/www.europesays.com\/se\/wp-json\/wp\/v2\/posts"}],"about":[{"href":"https:\/\/www.europesays.com\/se\/wp-json\/wp\/v2\/types\/post"}],"author":[{"embeddable":true,"href":"https:\/\/www.europesays.com\/se\/wp-json\/wp\/v2\/users\/2"}],"replies":[{"embeddable":true,"href":"https:\/\/www.europesays.com\/se\/wp-json\/wp\/v2\/comments?post=77450"}],"version-history":[{"count":0,"href":"https:\/\/www.europesays.com\/se\/wp-json\/wp\/v2\/posts\/77450\/revisions"}],"wp:featuredmedia":[{"embeddable":true,"href":"https:\/\/www.europesays.com\/se\/wp-json\/wp\/v2\/media\/62410"}],"wp:attachment":[{"href":"https:\/\/www.europesays.com\/se\/wp-json\/wp\/v2\/media?parent=77450"}],"wp:term":[{"taxonomy":"category","embeddable":true,"href":"https:\/\/www.europesays.com\/se\/wp-json\/wp\/v2\/categories?post=77450"},{"taxonomy":"post_tag","embeddable":true,"href":"https:\/\/www.europesays.com\/se\/wp-json\/wp\/v2\/tags?post=77450"}],"curies":[{"name":"wp","href":"https:\/\/api.w.org\/{rel}","templated":true}]}}