{"id":77493,"date":"2025-11-11T04:23:09","date_gmt":"2025-11-11T04:23:09","guid":{"rendered":"https:\/\/www.europesays.com\/se\/77493\/"},"modified":"2025-11-11T04:23:09","modified_gmt":"2025-11-11T04:23:09","slug":"senaten-i-usa-rostade-officiellt-igenom-budgetforslag-som-banar-vag-for-att-oppna-statsapparaten-utrikes","status":"publish","type":"post","link":"https:\/\/www.europesays.com\/se\/77493\/","title":{"rendered":"Senaten i USA r\u00f6stade officiellt igenom budgetf\u00f6rslag som banar v\u00e4g f\u00f6r att \u00f6ppna statsapparaten | Utrikes"},"content":{"rendered":"<p class=\"aw-1gybjub aw-5vja16 kEtdKx kmuxyA yle__article__paragraph\">Kompromissf\u00f6rslaget inneb\u00e4r att USA nu \u00e4r ett steg n\u00e4rmare ett slut p\u00e5 nedst\u00e4ngningen av statsapparaten, men det skapar ytterligare politiska konflikter.<\/p>\n<p><img decoding=\"async\" alt=\"Republikanska senatorn John Thune.\" src=\"https:\/\/www.europesays.com\/se\/wp-content\/uploads\/2025\/11\/39-15515736912b277be909.jpeg\" class=\"aw-1l9m598 hKVVvP\"\/><\/p>\n<p>\u00d6ppna bildvisare<\/p>\n<p>Republikanernas ledare i Senaten, John Thune, var n\u00f6jd att kunna driva \u00e4rendet vidare efter den utdragna processen. Bild: LehtikuvaLyssna (du h\u00f6r en artificiell r\u00f6st) 3:07<\/p>\n<p class=\"aw-1gybjub aw-1p7kakr kEtdKx cEmitX yle__article__paragraph\">Den amerikanska Senaten har officiellt r\u00f6stat igenom ett budgetf\u00f6rslag och skickat det vidare f\u00f6r omr\u00f6stning i representanthuset.<\/p>\n<p class=\"aw-1gybjub aw-1p7kakr kEtdKx cEmitX yle__article__paragraph\">Det inneb\u00e4r att en l\u00f6sning p\u00e5 den historiskt l\u00e5nga nedst\u00e4ngningen av USA:s statsapparat \u00e4r i sikte, och kan vara \u00f6ver innan veckan \u00e4r slut.<\/p>\n<p class=\"aw-1gybjub aw-1p7kakr kEtdKx cEmitX yle__article__paragraph\">Republikanerna, som \u00e4r i majoritet i Senaten, <a class=\"aw-iao6s4 iHOxEa yle__article__link\" href=\"https:\/\/yle.fi\/a\/7-10087782\" role=\"link\" rel=\"nofollow noopener\" target=\"_blank\">lyckades<\/a> f\u00e5 \u00f6ver ett litet antal demokratiska senatorer p\u00e5 sin sida och enades om ett kompromissf\u00f6rslag h\u00e4romdagen.<\/p>\n<p class=\"aw-1gybjub aw-1p7kakr kEtdKx cEmitX yle__article__paragraph\">Att den nu officiellt \u00e4r godk\u00e4nd d\u00e4r betyder att f\u00f6rslaget kan g\u00e5 vidare till representanthuset f\u00f6r behandling.<\/p>\n<p class=\"aw-1gybjub aw-1p7kakr kEtdKx cEmitX yle__article__paragraph\">Representanthusets talman <strong class=\"aw-ak79eh KyCXm yle__article__strong\">Mike Johnson<\/strong> f\u00f6rv\u00e4ntas g\u00f6ra sitt f\u00f6r att se till att behandlingen sker snabbt.<\/p>\n<p class=\"aw-1gybjub aw-1p7kakr kEtdKx cEmitX yle__article__paragraph\">President <strong class=\"aw-ak79eh KyCXm yle__article__strong\">Donald Trump<\/strong> f\u00f6rv\u00e4ntas ocks\u00e5 att l\u00e4gga press p\u00e5 republikanerna att driva igenom \u00e4rendet s\u00e5 att han kan godk\u00e4nna det.<\/p>\n<p>Klyftan i det demokratiska partiet blottas igen<\/p>\n<p class=\"aw-1gybjub aw-1p7kakr kEtdKx cEmitX yle__article__paragraph\">Att \u00e5tta demokratiska senatorer slutligen r\u00f6stade f\u00f6r att sl\u00e4ppa igenom det republikanska kompromissf\u00f6rslaget har lett till interna splittringar inom det demokratiska partiet.<\/p>\n<p class=\"aw-1gybjub aw-1p7kakr kEtdKx cEmitX yle__article__paragraph\">Kaliforniens guvern\u00f6r <strong class=\"aw-ak79eh KyCXm yle__article__strong\">Gavin Newsom<\/strong> kritiserade \u00f6verenskommelsen och sade p\u00e5 m\u00e5ndagen att han k\u00e4nde \u201ddjup besvikelse, djup oro\u201d \u00f6ver sitt parti. Newsom har redan tidigare sagt att demokraterna m\u00e5ste f\u00f6r\u00e4ndra hur de handskas med president Trump och f\u00f6rhandlar med republikanerna.<\/p>\n<p class=\"aw-1gybjub aw-1p7kakr kEtdKx cEmitX yle__article__paragraph\">\u00c4ven Demokraternas ledare i Senaten, <strong class=\"aw-ak79eh KyCXm yle__article__strong\">Chuck Schumer<\/strong>, som i en drygt m\u00e5nad h\u00e5llit sina partikamrater i Senaten enade, uttryckte sin besvikelse \u00f6ver situationen.<\/p>\n<p><img decoding=\"async\" alt=\"Chuck Schumer.\" src=\"https:\/\/www.europesays.com\/se\/wp-content\/uploads\/2025\/11\/39-1319981669885291010c.jpeg\" loading=\"lazy\" class=\"aw-1l9m598 hKVVvP\"\/><\/p>\n<p>\u00d6ppna bildvisare<\/p>\n<p>Demokraternas ledare i Senaten, Chuck Schumer, har f\u00e5tt mycket kritik fr\u00e5n flera av sina partimedlemmar efter att 8 demokrater valt att st\u00f6dja det republikanska budgetf\u00f6rslaget. Bild: Shutterstock\/All Over Press<\/p>\n<p class=\"aw-1gybjub aw-1p7kakr kEtdKx cEmitX yle__article__paragraph\">Vissa demokrater har i sin tur kr\u00e4vt Schumers avg\u00e5ng p\u00e5 grund av att han i slut\u00e4ndan \u00e4nd\u00e5 inte lyckades h\u00e5lla st\u00e5nd.<\/p>\n<p class=\"aw-1gybjub aw-1p7kakr kEtdKx cEmitX yle__article__paragraph\">K\u00e4rnan i den interna konflikten handlar om att partiet misslyckats med att driva igenom en f\u00f6rl\u00e4ngning av sjukv\u00e5rdssubventioner som \u00e4r p\u00e5 v\u00e4g att l\u00f6pa ut vid \u00e5rets slut.<\/p>\n<p class=\"aw-1gybjub aw-1p7kakr kEtdKx cEmitX yle__article__paragraph\">Demokraterna hade under hela nedst\u00e4ngningen kr\u00e4vt att republikanerna skulle f\u00f6rhandla med dem om att f\u00f6rl\u00e4nga subventionerna, men republikanerna insisterade p\u00e5 att de inte t\u00e4nkte diskutera sjukv\u00e5rdspolitik f\u00f6rr\u00e4n regeringen hade \u00f6ppnat igen.<\/p>\n<p class=\"aw-1gybjub aw-1p7kakr kEtdKx cEmitX yle__article__paragraph\">Det h\u00e4r har varit en av demokraternas viktigaste fr\u00e5gor, och framg\u00e5ngarna i diverse lokala val hade v\u00e4ckt hopp bland demokraterna om att man nu hade medvind i seglen.<\/p>\n<p class=\"aw-1gybjub aw-1p7kakr kEtdKx cEmitX yle__article__paragraph\">Samtidigt har nedst\u00e4ngningen lagt press p\u00e5 b\u00e5de republikanska och demokratiska politiker.<\/p>\n<p class=\"aw-1gybjub aw-1p7kakr kEtdKx cEmitX yle__article__paragraph\">Vita huset sa nej till att ge fullt bidrag till dem som beh\u00f6ver matkuponger, vilket var ett h\u00e5rt slag mot m\u00e5nga l\u00e5ginkomsttagare i USA, och federala anst\u00e4llda fortsatte att st\u00e5 utan l\u00f6neutbetalningar. Samtidigt har massiva f\u00f6rseningar i flygtrafiken skapat kaos \u00f6ver hela landet.<\/p>\n<p class=\"aw-1gybjub aw-1p7kakr kEtdKx cEmitX yle__article__paragraph\"><strong class=\"aw-ak79eh KyCXm yle__article__strong\">Hakeem Jeffries<\/strong>, demokraternas ledare i representanthuset, har uppmanat sina partimedlemmar att r\u00f6sta emot f\u00f6rslaget n\u00e4r det n\u00e5r dem.<\/p>\n<p class=\"aw-1gybjub aw-1p7kakr kEtdKx cEmitX yle__article__paragraph\">Men det kan h\u00e4nda att det \u00e4r otillr\u00e4ckligt f\u00f6r att stoppa det eftersom republikanerna har en liten majoritet som g\u00f6r att de kan driva igenom f\u00f6rslaget \u00e4ven om samtliga demokrater r\u00f6star emot.<\/p>\n","protected":false},"excerpt":{"rendered":"Kompromissf\u00f6rslaget inneb\u00e4r att USA nu \u00e4r ett steg n\u00e4rmare ett slut p\u00e5 nedst\u00e4ngningen av statsapparaten, men det skapar&hellip;\n","protected":false},"author":2,"featured_media":77494,"comment_status":"","ping_status":"","sticky":false,"template":"","format":"standard","meta":{"footnotes":""},"categories":[5],"tags":[22,23,3812,1637,385,71,26,27,17,21,24,25,28,29,15,16,369,1634,18,34,6838,31,33,32,30,19,20,74,1639,1321,237],"class_list":{"0":"post-77493","1":"post","2":"type-post","3":"status-publish","4":"format-standard","5":"has-post-thumbnail","7":"category-rubriker","8":"tag-breaking-news","9":"tag-breakingnews","10":"tag-budgetforslag","11":"tag-demokratiska-partiet-i-usa","12":"tag-donald-trump","13":"tag-ekonomi","14":"tag-featured-news","15":"tag-featurednews","16":"tag-headlines","17":"tag-huvudnyheter","18":"tag-latest-news","19":"tag-latestnews","20":"tag-main-news","21":"tag-mainnews","22":"tag-news","23":"tag-nyheter","24":"tag-politik","25":"tag-republikanska-partiet","26":"tag-rubriker","27":"tag-se","28":"tag-senater","29":"tag-svenska","30":"tag-sverige","31":"tag-sweden","32":"tag-swedish","33":"tag-top-stories","34":"tag-topstories","35":"tag-usa","36":"tag-usas-kongress","37":"tag-usas-politik","38":"tag-utrikes"},"share_on_mastodon":{"url":"https:\/\/pubeurope.com\/@se\/115529161481583706","error":""},"_links":{"self":[{"href":"https:\/\/www.europesays.com\/se\/wp-json\/wp\/v2\/posts\/77493","targetHints":{"allow":["GET"]}}],"collection":[{"href":"https:\/\/www.europesays.com\/se\/wp-json\/wp\/v2\/posts"}],"about":[{"href":"https:\/\/www.europesays.com\/se\/wp-json\/wp\/v2\/types\/post"}],"author":[{"embeddable":true,"href":"https:\/\/www.europesays.com\/se\/wp-json\/wp\/v2\/users\/2"}],"replies":[{"embeddable":true,"href":"https:\/\/www.europesays.com\/se\/wp-json\/wp\/v2\/comments?post=77493"}],"version-history":[{"count":0,"href":"https:\/\/www.europesays.com\/se\/wp-json\/wp\/v2\/posts\/77493\/revisions"}],"wp:featuredmedia":[{"embeddable":true,"href":"https:\/\/www.europesays.com\/se\/wp-json\/wp\/v2\/media\/77494"}],"wp:attachment":[{"href":"https:\/\/www.europesays.com\/se\/wp-json\/wp\/v2\/media?parent=77493"}],"wp:term":[{"taxonomy":"category","embeddable":true,"href":"https:\/\/www.europesays.com\/se\/wp-json\/wp\/v2\/categories?post=77493"},{"taxonomy":"post_tag","embeddable":true,"href":"https:\/\/www.europesays.com\/se\/wp-json\/wp\/v2\/tags?post=77493"}],"curies":[{"name":"wp","href":"https:\/\/api.w.org\/{rel}","templated":true}]}}