{"id":77497,"date":"2025-11-11T04:28:16","date_gmt":"2025-11-11T04:28:16","guid":{"rendered":"https:\/\/www.europesays.com\/se\/77497\/"},"modified":"2025-11-11T04:28:16","modified_gmt":"2025-11-11T04:28:16","slug":"pensionsmyndigheten-fel-brev-till-hundratusentals-pensionarer","status":"publish","type":"post","link":"https:\/\/www.europesays.com\/se\/77497\/","title":{"rendered":"Pensionsmyndigheten: Fel brev till hundratusentals pension\u00e4rer"},"content":{"rendered":"<p>Hundratusentals svenskar har f\u00e5tt brev fr\u00e5n Pensionsmyndigheten. Men brevet var f\u00f6r de flesta av dem skickat helt i on\u00f6dan.<\/p>\n<p>M\u00e5nga kan bli os\u00e4kra<\/p>\n<p>Uppskattningsvis mellan 100 000 och 300 000 brev kan ha skickats i on\u00f6dan, ber\u00e4ttar<strong> Johan Andersson, <\/strong>presschef p\u00e5 Pensionsmyndigheten till News55.<\/p>\n<p>\u201cM\u00e5nga pension\u00e4rer med bostadstill\u00e4gg har i dagarna f\u00e5tt ett utbetalningsbesked fr\u00e5n Pensionsmyndigheten. Vi skickar dem n\u00e4r det sker en \u00e4ndring i kommande utbetalning och det kan handla om \u00e4ndrad hyra eller annat som p\u00e5verkar. Men denna g\u00e5ng har det g\u00e5tt ut besked med samma information som i tidigare besked till pension\u00e4rer som inte har f\u00e5tt n\u00e5gon \u00e4ndring\u201d, ber\u00e4ttar han.<\/p>\n<p>Om du inte r\u00e4knar med n\u00e5n f\u00f6r\u00e4ndring s\u00e5 kan du bortse fr\u00e5n brevet fr\u00e5n Pensionsmyndigheten.<\/p>\n<p>\u201cVet du med dig att du inte har \u00e4ndringar i din utbetalning och har f\u00e5tt ett utbetalningsbesked s\u00e5 beh\u00f6ver du inte g\u00f6ra n\u00e5got\u201d, s\u00e4ger han till News55.<\/p>\n","protected":false},"excerpt":{"rendered":"Hundratusentals svenskar har f\u00e5tt brev fr\u00e5n Pensionsmyndigheten. Men brevet var f\u00f6r de flesta av dem skickat helt i&hellip;\n","protected":false},"author":2,"featured_media":77498,"comment_status":"","ping_status":"","sticky":false,"template":"","format":"standard","meta":{"footnotes":""},"categories":[65],"tags":[5654,6839,72,70,71,5655,1421,5384,2973,6268,34,31,33,32,30,3648],"class_list":{"0":"post-77497","1":"post","2":"type-post","3":"status-publish","4":"format-standard","5":"has-post-thumbnail","7":"category-ekonomi","8":"tag-allman-pension","9":"tag-bostadstillagg","10":"tag-business","11":"tag-economy","12":"tag-ekonomi","13":"tag-garantipension","14":"tag-pension","15":"tag-pensionar","16":"tag-pensionsmyndigheten","17":"tag-premiepension","18":"tag-se","19":"tag-svenska","20":"tag-sverige","21":"tag-sweden","22":"tag-swedish","23":"tag-tjanstepension"},"share_on_mastodon":{"url":"https:\/\/pubeurope.com\/@se\/115529180969569496","error":""},"_links":{"self":[{"href":"https:\/\/www.europesays.com\/se\/wp-json\/wp\/v2\/posts\/77497","targetHints":{"allow":["GET"]}}],"collection":[{"href":"https:\/\/www.europesays.com\/se\/wp-json\/wp\/v2\/posts"}],"about":[{"href":"https:\/\/www.europesays.com\/se\/wp-json\/wp\/v2\/types\/post"}],"author":[{"embeddable":true,"href":"https:\/\/www.europesays.com\/se\/wp-json\/wp\/v2\/users\/2"}],"replies":[{"embeddable":true,"href":"https:\/\/www.europesays.com\/se\/wp-json\/wp\/v2\/comments?post=77497"}],"version-history":[{"count":0,"href":"https:\/\/www.europesays.com\/se\/wp-json\/wp\/v2\/posts\/77497\/revisions"}],"wp:featuredmedia":[{"embeddable":true,"href":"https:\/\/www.europesays.com\/se\/wp-json\/wp\/v2\/media\/77498"}],"wp:attachment":[{"href":"https:\/\/www.europesays.com\/se\/wp-json\/wp\/v2\/media?parent=77497"}],"wp:term":[{"taxonomy":"category","embeddable":true,"href":"https:\/\/www.europesays.com\/se\/wp-json\/wp\/v2\/categories?post=77497"},{"taxonomy":"post_tag","embeddable":true,"href":"https:\/\/www.europesays.com\/se\/wp-json\/wp\/v2\/tags?post=77497"}],"curies":[{"name":"wp","href":"https:\/\/api.w.org\/{rel}","templated":true}]}}