{"id":77554,"date":"2025-11-11T06:49:07","date_gmt":"2025-11-11T06:49:07","guid":{"rendered":"https:\/\/www.europesays.com\/se\/77554\/"},"modified":"2025-11-11T06:49:07","modified_gmt":"2025-11-11T06:49:07","slug":"fina-scenerna-nar-nhl-ikonerna-valjs-in-i-hockey-hall-of-fame-nhl","status":"publish","type":"post","link":"https:\/\/www.europesays.com\/se\/77554\/","title":{"rendered":"Fina scenerna n\u00e4r NHL-ikonerna v\u00e4ljs in i Hockey Hall of Fame | NHL"},"content":{"rendered":"<p>Publicerad 11 nov 2025 kl 07.28<\/p>\n<p>LOS ANGELES. N\u00e4r Zdeno Chara fick veta att han skulle bli invald i Hockey Hall of Fame hade han en \u00f6nskan.<\/p>\n<p>Att Nicklas Lidstr\u00f6m skulle st\u00e5 f\u00f6r presentationen och \u00f6verl\u00e4mnandet av plaketten.<\/p>\n<p>I natt, svensk tid, fick den 48-\u00e5rige slovaken sin dr\u00f6m f\u00f6rverkligad.<\/p>\n<p>\u2013 Jag \u00e4r s\u00e5 lycklig att Nicklas \u00e4r h\u00e4r. Jag f\u00f6rs\u00f6kte alltid efterlikna honom p\u00e5 isen \u00e4ven om vi var tv\u00e5 helt olika spelartyper, sa Chara i sitt tacktal fr\u00e5n scenen i Toronto.<\/p>\n<p><img   alt=\"\"\/> <\/p>\n<p>Foto: SAMMY KOGAN \/ AP TT NYHETSBYR\u00c5N<\/p>\n<p>\u00d6ppna bild i helsk\u00e4rm<\/p>\n<p>Till Expressen s\u00e4ger Nicklas Lidstr\u00f6m:\u00a0<\/p>\n<p>\u2013 Jag tillbringade helgen i Detroit och Red Wings 100-\u00e5rsjubileum, s\u00e5 det passade bra att g\u00f6ra ett stopp i Toronto p\u00e5 v\u00e4gen hem till Sverige.<\/p>\n<p>Lidas valdes sj\u00e4lv in i Hockey Hall of Fame 2015.<\/p>\n<p>Det var ett speciellt \u00f6gonblick i natt n\u00e4r de tv\u00e5 <a href=\"https:\/\/www.expressen.se\/tagg\/organization\/nhl\/\" class=\"\" rel=\"nofollow noopener\" target=\"_blank\">NHL<\/a>-legendarerna stod p\u00e5 scenen tillsammans.<\/p>\n<p>Ett annat \u00f6gonblick som gick till publikens hj\u00e4rtan var Joe Thorntons tacktal.<\/p>\n<p>Han gr\u00e4t \u00f6ppet vid flera tillf\u00e4llen n\u00e4r k\u00e4nslorna tog \u00f6ver i samband med alla ledare, coacher och spelare han tackade.\u00a0<\/p>\n<p>Och inte minst den d\u00e4r lockouten 2004-05 n\u00e4r han \u00e5kte till Schweiz och spelade f\u00f6r Davos. Det var d\u00e4r Chara tr\u00e4ffade sin hustru Tabea Pfendsack. Makarnas tv\u00e5 barn, dotterna Ayla och sonen River, fanns ocks\u00e5 p\u00e5 plats i natt under ceremonin i Toronto.<\/p>\n<p><img loading=\"lazy\"   alt=\"\"\/><\/p>\n<p>Thornton under sitt tacktal.<\/p>\n<p>Foto: NHL<\/p>\n<p>\u00d6ppna bild i helsk\u00e4rm<img loading=\"lazy\"   alt=\"\"\/><\/p>\n<p>Thorntons familj i publiken.<\/p>\n<p>Foto: NHL<\/p>\n<p>\u00d6ppna bild i helsk\u00e4rm<img loading=\"lazy\"   alt=\"\"\/><\/p>\n<p>\u00c4ven \u201dLidas\u201d blev k\u00e4nslosam.<\/p>\n<p>Foto: NHL<\/p>\n<p>\u00d6ppna bild i helsk\u00e4rm<\/p>\n<p>Popul\u00e4re Thornton n\u00e4mnde bland andra svenskarna Douglas Murray (fr\u00e5n tiden i San Jose) och William Nylander (Toronto) i sitt tacktal.<\/p>\n","protected":false},"excerpt":{"rendered":"Publicerad 11 nov 2025 kl 07.28 LOS ANGELES. N\u00e4r Zdeno Chara fick veta att han skulle bli invald&hellip;\n","protected":false},"author":2,"featured_media":77555,"comment_status":"","ping_status":"","sticky":false,"template":"","format":"standard","meta":{"footnotes":""},"categories":[68],"tags":[421,34,255,256,111,110,31,33,32,30],"class_list":{"0":"post-77554","1":"post","2":"type-post","3":"status-publish","4":"format-standard","5":"has-post-thumbnail","7":"category-sport","8":"tag-organization-nhl","9":"tag-se","10":"tag-sections-ishockey","11":"tag-sections-nhl","12":"tag-sport","13":"tag-sports","14":"tag-svenska","15":"tag-sverige","16":"tag-sweden","17":"tag-swedish"},"share_on_mastodon":{"url":"https:\/\/pubeurope.com\/@se\/115529735469728005","error":""},"_links":{"self":[{"href":"https:\/\/www.europesays.com\/se\/wp-json\/wp\/v2\/posts\/77554","targetHints":{"allow":["GET"]}}],"collection":[{"href":"https:\/\/www.europesays.com\/se\/wp-json\/wp\/v2\/posts"}],"about":[{"href":"https:\/\/www.europesays.com\/se\/wp-json\/wp\/v2\/types\/post"}],"author":[{"embeddable":true,"href":"https:\/\/www.europesays.com\/se\/wp-json\/wp\/v2\/users\/2"}],"replies":[{"embeddable":true,"href":"https:\/\/www.europesays.com\/se\/wp-json\/wp\/v2\/comments?post=77554"}],"version-history":[{"count":0,"href":"https:\/\/www.europesays.com\/se\/wp-json\/wp\/v2\/posts\/77554\/revisions"}],"wp:featuredmedia":[{"embeddable":true,"href":"https:\/\/www.europesays.com\/se\/wp-json\/wp\/v2\/media\/77555"}],"wp:attachment":[{"href":"https:\/\/www.europesays.com\/se\/wp-json\/wp\/v2\/media?parent=77554"}],"wp:term":[{"taxonomy":"category","embeddable":true,"href":"https:\/\/www.europesays.com\/se\/wp-json\/wp\/v2\/categories?post=77554"},{"taxonomy":"post_tag","embeddable":true,"href":"https:\/\/www.europesays.com\/se\/wp-json\/wp\/v2\/tags?post=77554"}],"curies":[{"name":"wp","href":"https:\/\/api.w.org\/{rel}","templated":true}]}}