{"id":77564,"date":"2025-11-11T07:13:09","date_gmt":"2025-11-11T07:13:09","guid":{"rendered":"https:\/\/www.europesays.com\/se\/77564\/"},"modified":"2025-11-11T07:13:09","modified_gmt":"2025-11-11T07:13:09","slug":"intern-spricka-i-ferrari-behover-snacka-mindre-formel-1","status":"publish","type":"post","link":"https:\/\/www.europesays.com\/se\/77564\/","title":{"rendered":"Intern spricka i Ferrari: \u201dBeh\u00f6ver snacka mindre\u201d | Formel 1"},"content":{"rendered":"<p>Publicerad 11 nov 2025 kl 06.52<\/p>\n<p>Ferraris styrelseordf\u00f6rande tycker att Lewis Hamilton och Charles Leclerc borde fokusera p\u00e5 att k\u00f6ra sina bilar. I en intervju efter helgens fiaskoartade GP riktar han en k\u00e4nga mot stj\u00e4rnorna.<\/p>\n<p><img   alt=\"\"\/><\/p>\n<p>John Elkann.<\/p>\n<p>Foto: SCROBOGNA\/LAPRESSE\/SHUTTERSTOCK \/ SHUTTERSTOCK EDITORIAL\/IBL<\/p>\n<p>\u00d6ppna bild i helsk\u00e4rm<img loading=\"lazy\"   alt=\"\"\/><\/p>\n<p>Lewis Hamilton<\/p>\n<p>Foto: HASAN BRATIC\/SIPA\/SHUTTERSTOCK \/ SHUTTERSTOCK EDITORIAL\/IBL<\/p>\n<p>\u00d6ppna bild i helsk\u00e4rm<img loading=\"lazy\"   alt=\"\"\/><\/p>\n<p>Charles Leclerc<\/p>\n<p>Foto: MICHAEL POTTS\/SHUTTERSTOCK \/ SHUTTERSTOCK EDITORIAL\/IBL<\/p>\n<p>\u00d6ppna bild i helsk\u00e4rm<\/p>\n<p>Ferrari-f\u00f6rarna <a href=\"https:\/\/www.expressen.se\/tagg\/person\/charles-leclerc\/\" class=\"\" rel=\"nofollow noopener\" target=\"_blank\">Charles Leclerc<\/a> och Lewis Hamilton har inte haft den formel 1-s\u00e4song de hoppats p\u00e5. Stallet ligger p\u00e5 fj\u00e4rde plats i konstrukt\u00f6rsm\u00e4sterskapet och har inte vunnit en enda GP. Nu f\u00e5r de kritik fr\u00e5n h\u00f6gsta chefen.\u00a0<\/p>\n<p>\u2013 Vi har definitivt f\u00f6rare som beh\u00f6ver fokusera mer p\u00e5 att k\u00f6ra och snacka mindre, s\u00e4ger Ferraris styrelseordf\u00f6rande John Elkann enligt BBC.<\/p>\n<p>Efter att b\u00e5de Leclerc och Hamilton tvingats avbryta loppet p\u00e5 Interlagos passerades Ferrari av Red Bull i konstrukt\u00f6rsm\u00e4sterskapet, ett tapp som kan kosta stallet omkring motsvarande 95 miljoner kronor i prispengar. Avst\u00e5ndet till Mercedes p\u00e5 andraplatsen v\u00e4xte i helgen till 36 po\u00e4ng.<\/p>\n<p>Lewis Hamilton har beskrivit sin f\u00f6rsta s\u00e4song i stallet som \u201den mardr\u00f6m\u201d. Den sjufaldiga v\u00e4rldsm\u00e4staren ligger sexa i f\u00f6rarm\u00e4sterskapet, precis bakom stallkollegan Leclerc.<\/p>\n<p>McLaren har redan vunnit konstrukt\u00f6rsm\u00e4sterskapen och f\u00f6rarna Lando Norris och Oscar Piastri ligger etta respektive tv\u00e5a i f\u00f6rarm\u00e4sterskapen.<\/p>\n","protected":false},"excerpt":{"rendered":"Publicerad 11 nov 2025 kl 06.52 Ferraris styrelseordf\u00f6rande tycker att Lewis Hamilton och Charles Leclerc borde fokusera p\u00e5&hellip;\n","protected":false},"author":2,"featured_media":77565,"comment_status":"","ping_status":"","sticky":false,"template":"","format":"standard","meta":{"footnotes":""},"categories":[68],"tags":[6848,2338,6846,6847,34,2336,562,111,110,31,33,32,30],"class_list":{"0":"post-77564","1":"post","2":"type-post","3":"status-publish","4":"format-standard","5":"has-post-thumbnail","7":"category-sport","8":"tag-organization-ferrari","9":"tag-organization-formel-1","10":"tag-person-charles-leclerc","11":"tag-person-lewis-hamilton","12":"tag-se","13":"tag-sections-formel-1","14":"tag-sections-motor","15":"tag-sport","16":"tag-sports","17":"tag-svenska","18":"tag-sverige","19":"tag-sweden","20":"tag-swedish"},"share_on_mastodon":{"url":"https:\/\/pubeurope.com\/@se\/115529829848598578","error":""},"_links":{"self":[{"href":"https:\/\/www.europesays.com\/se\/wp-json\/wp\/v2\/posts\/77564","targetHints":{"allow":["GET"]}}],"collection":[{"href":"https:\/\/www.europesays.com\/se\/wp-json\/wp\/v2\/posts"}],"about":[{"href":"https:\/\/www.europesays.com\/se\/wp-json\/wp\/v2\/types\/post"}],"author":[{"embeddable":true,"href":"https:\/\/www.europesays.com\/se\/wp-json\/wp\/v2\/users\/2"}],"replies":[{"embeddable":true,"href":"https:\/\/www.europesays.com\/se\/wp-json\/wp\/v2\/comments?post=77564"}],"version-history":[{"count":0,"href":"https:\/\/www.europesays.com\/se\/wp-json\/wp\/v2\/posts\/77564\/revisions"}],"wp:featuredmedia":[{"embeddable":true,"href":"https:\/\/www.europesays.com\/se\/wp-json\/wp\/v2\/media\/77565"}],"wp:attachment":[{"href":"https:\/\/www.europesays.com\/se\/wp-json\/wp\/v2\/media?parent=77564"}],"wp:term":[{"taxonomy":"category","embeddable":true,"href":"https:\/\/www.europesays.com\/se\/wp-json\/wp\/v2\/categories?post=77564"},{"taxonomy":"post_tag","embeddable":true,"href":"https:\/\/www.europesays.com\/se\/wp-json\/wp\/v2\/tags?post=77564"}],"curies":[{"name":"wp","href":"https:\/\/api.w.org\/{rel}","templated":true}]}}