{"id":77715,"date":"2025-11-11T10:36:14","date_gmt":"2025-11-11T10:36:14","guid":{"rendered":"https:\/\/www.europesays.com\/se\/77715\/"},"modified":"2025-11-11T10:36:14","modified_gmt":"2025-11-11T10:36:14","slug":"nhl-talangen-drabbad-av-blodpropp-hockeysverige-se","status":"publish","type":"post","link":"https:\/\/www.europesays.com\/se\/77715\/","title":{"rendered":"NHL-talangen drabbad av blodpropp &#8211; hockeysverige.se"},"content":{"rendered":"<p><strong>21-\u00e5rige Jiri Kulich blir borta p\u00e5 obest\u00e4md tid.<br \/>Buffalo Sabres-talangen har drabbats av en blodpropp.<br \/>\u2013 Jag kommer inte g\u00e5 in p\u00e5 fler detaljer, men det \u00e4r ganska allvarligt, s\u00e4ger tr\u00e4naren Lindy Ruff till <a href=\"https:\/\/www.nhl.com\/sabres\/news\/buffalo-sabres-transactions-injury-report\" rel=\"nofollow noopener\" target=\"_blank\">Sabres hemsida<\/a>.<\/strong><\/p>\n<p><img loading=\"lazy\" decoding=\"async\" width=\"1024\" height=\"658\" src=\"https:\/\/www.europesays.com\/se\/wp-content\/uploads\/2025\/11\/2YTGGXD-1024x658.webp.webp\" alt=\"\" class=\"wp-image-324255\"  \/>Jiri Kulich.<br \/><strong>Foto:<\/strong> Jeffrey T. Barnes\/AP\/Alamy<\/p>\n<p><a href=\"https:\/\/hockeysverige.se\/klubb\/buffalo-sabres\/\" rel=\"nofollow noopener\" target=\"_blank\">Buffalo Sabres<\/a> 21-\u00e5rige forward Jiri Kulich kommer att bli borta p\u00e5 obest\u00e4md tid fr\u00e5n hockeyn.<\/p>\n<p>Via sin hemsida meddelar <a href=\"https:\/\/hockeysverige.se\/nhl\" rel=\"nofollow noopener\" target=\"_blank\">NHL<\/a>-klubben att den tjeckiske forwarden drabbats av en blodropp. Kulich har missat lagets senaste tre matcher och v\u00e4ntas nu vara borta en l\u00e4ngre tid.<\/p>\n<p>\u2013 Det har haft att g\u00f6ra med att en blodpropp hittats. Jag kommer inte g\u00e5 in p\u00e5 fler detaljer, men det \u00e4r ganska allvarligt, s\u00e4ger tr\u00e4naren Lindy Ruff till sajten.<\/p>\n<p>Ruff hoppas att Kulich ska \u00e5terv\u00e4nda till spel denna s\u00e4song<\/p>\n<p>Jiri Kulich draftades i f\u00f6rstarundan av NHL-draften 2022 och NHL-debuterade s\u00e4songen 2023\/24, innan han blev ordinarie i NHL under fjol\u00e5rss\u00e4songen d\u00e4r han stod f\u00f6r 24 po\u00e4ng p\u00e5 62 matcher. Denna s\u00e4song har Kulich noterats f\u00f6r fem po\u00e4ng (3+2) p\u00e5 tolv matcher.<\/p>\n<p>F\u00f6rhoppningen \u00e4r att 21-\u00e5ringen ska kunna \u00e5terv\u00e4nda till spel igen den h\u00e4r s\u00e4songen. Vidare \u00e5terst\u00e5r det att se om tjecken hinner bli frisk och spelbar innan OS i Milano, d\u00e4r Kulich \u00e4r aktuell f\u00f6r det tjeckiska OS-laget.<\/p>\n<p>\u2013 Det beror p\u00e5 hur saker g\u00e5r de kommande tre till fyra veckorna, s\u00e4ger Ruff.<\/p>\n<p>H\u00e5llander drabbad av blodpropp f\u00f6rra veckan<\/p>\n<p>Beskedet om Jiri Kulich blodpropp kommer bara dagar efter att Pittsburgh Penguins under f\u00f6rra veckan meddelade att lagets svenske forward <a href=\"https:\/\/hockeysverige.se\/spelare\/filip-hallander\/\" rel=\"nofollow noopener\" target=\"_blank\">Filip H\u00e5llander<\/a> <a href=\"https:\/\/hockeysverige.se\/nhl\/filip-hallander-missar-nhl-global-series\/\" rel=\"nofollow noopener\" target=\"_blank\">drabbats av en blodpropp<\/a> och att han blir borta i minst tre m\u00e5nader.<\/p>\n<p>F\u00f6r Filip H\u00e5llander inneb\u00e4r beskedet att han missar <a href=\"https:\/\/hockeysverige.se\/nhl\/nhl-global-series\/\" rel=\"nofollow noopener\" target=\"_blank\">NHL-matcherna i Stockholm<\/a> den h\u00e4r veckan.<\/p>\n<p> Source: <a href=\"https:\/\/www.eliteprospects.com\/player\/579198\/ji%C5%99i-kulich\" target=\"_blank\" rel=\"noopener noreferrer nofollow\">Ji\u0159\u00ed Kulich<\/a> @ Elite Prospects<\/p>\n","protected":false},"excerpt":{"rendered":"21-\u00e5rige Jiri Kulich blir borta p\u00e5 obest\u00e4md tid.Buffalo Sabres-talangen har drabbats av en blodpropp.\u2013 Jag kommer inte g\u00e5&hellip;\n","protected":false},"author":2,"featured_media":77716,"comment_status":"","ping_status":"","sticky":false,"template":"","format":"standard","meta":{"footnotes":""},"categories":[68],"tags":[247,34,133,111,110,31,33,32,30],"class_list":{"0":"post-77715","1":"post","2":"type-post","3":"status-publish","4":"format-standard","5":"has-post-thumbnail","7":"category-sport","8":"tag-nhl","9":"tag-se","10":"tag-second-news","11":"tag-sport","12":"tag-sports","13":"tag-svenska","14":"tag-sverige","15":"tag-sweden","16":"tag-swedish"},"share_on_mastodon":{"url":"https:\/\/pubeurope.com\/@se\/115530628097410077","error":""},"_links":{"self":[{"href":"https:\/\/www.europesays.com\/se\/wp-json\/wp\/v2\/posts\/77715","targetHints":{"allow":["GET"]}}],"collection":[{"href":"https:\/\/www.europesays.com\/se\/wp-json\/wp\/v2\/posts"}],"about":[{"href":"https:\/\/www.europesays.com\/se\/wp-json\/wp\/v2\/types\/post"}],"author":[{"embeddable":true,"href":"https:\/\/www.europesays.com\/se\/wp-json\/wp\/v2\/users\/2"}],"replies":[{"embeddable":true,"href":"https:\/\/www.europesays.com\/se\/wp-json\/wp\/v2\/comments?post=77715"}],"version-history":[{"count":0,"href":"https:\/\/www.europesays.com\/se\/wp-json\/wp\/v2\/posts\/77715\/revisions"}],"wp:featuredmedia":[{"embeddable":true,"href":"https:\/\/www.europesays.com\/se\/wp-json\/wp\/v2\/media\/77716"}],"wp:attachment":[{"href":"https:\/\/www.europesays.com\/se\/wp-json\/wp\/v2\/media?parent=77715"}],"wp:term":[{"taxonomy":"category","embeddable":true,"href":"https:\/\/www.europesays.com\/se\/wp-json\/wp\/v2\/categories?post=77715"},{"taxonomy":"post_tag","embeddable":true,"href":"https:\/\/www.europesays.com\/se\/wp-json\/wp\/v2\/tags?post=77715"}],"curies":[{"name":"wp","href":"https:\/\/api.w.org\/{rel}","templated":true}]}}