{"id":77717,"date":"2025-11-11T10:39:22","date_gmt":"2025-11-11T10:39:22","guid":{"rendered":"https:\/\/www.europesays.com\/se\/77717\/"},"modified":"2025-11-11T10:39:22","modified_gmt":"2025-11-11T10:39:22","slug":"100-miljardersgransen-nas-forsta-gangen-i-historien","status":"publish","type":"post","link":"https:\/\/www.europesays.com\/se\/77717\/","title":{"rendered":"100-miljardersgr\u00e4nsen n\u00e5s: &#8221;F\u00f6rsta g\u00e5ngen i historien&#8221;"},"content":{"rendered":"<p>Julhandeln 2025 f\u00f6rv\u00e4ntas \u00f6ka med 5 procent i l\u00f6pande priser j\u00e4mf\u00f6rt med f\u00f6reg\u00e5ende \u00e5r. Det visar HUI Research i \u00e5rets Julhandelsrapport. Den totala oms\u00e4ttningen i december sp\u00e5s f\u00f6r f\u00f6rsta g\u00e5ngen \u00f6verstiga 100 miljarder kronor. Prognosen drivs av en ekonomisk \u00e5terh\u00e4mtning, st\u00e4rkt k\u00f6pkraft och \u00f6kad optimism bland konsumenterna efter en period av \u00e5terh\u00e5llsamhet.<\/p>\n","protected":false},"excerpt":{"rendered":"Julhandeln 2025 f\u00f6rv\u00e4ntas \u00f6ka med 5 procent i l\u00f6pande priser j\u00e4mf\u00f6rt med f\u00f6reg\u00e5ende \u00e5r. Det visar HUI Research&hellip;\n","protected":false},"author":2,"featured_media":77718,"comment_status":"","ping_status":"","sticky":false,"template":"","format":"standard","meta":{"footnotes":""},"categories":[65],"tags":[72,70,71,6861,6862,3895,3423,34,31,33,32,30],"class_list":{"0":"post-77717","1":"post","2":"type-post","3":"status-publish","4":"format-standard","5":"has-post-thumbnail","7":"category-ekonomi","8":"tag-business","9":"tag-economy","10":"tag-ekonomi","11":"tag-hui","12":"tag-julhandel","13":"tag-last-artikel","14":"tag-rapport","15":"tag-se","16":"tag-svenska","17":"tag-sverige","18":"tag-sweden","19":"tag-swedish"},"share_on_mastodon":{"url":"https:\/\/pubeurope.com\/@se\/115530639861075402","error":""},"_links":{"self":[{"href":"https:\/\/www.europesays.com\/se\/wp-json\/wp\/v2\/posts\/77717","targetHints":{"allow":["GET"]}}],"collection":[{"href":"https:\/\/www.europesays.com\/se\/wp-json\/wp\/v2\/posts"}],"about":[{"href":"https:\/\/www.europesays.com\/se\/wp-json\/wp\/v2\/types\/post"}],"author":[{"embeddable":true,"href":"https:\/\/www.europesays.com\/se\/wp-json\/wp\/v2\/users\/2"}],"replies":[{"embeddable":true,"href":"https:\/\/www.europesays.com\/se\/wp-json\/wp\/v2\/comments?post=77717"}],"version-history":[{"count":0,"href":"https:\/\/www.europesays.com\/se\/wp-json\/wp\/v2\/posts\/77717\/revisions"}],"wp:featuredmedia":[{"embeddable":true,"href":"https:\/\/www.europesays.com\/se\/wp-json\/wp\/v2\/media\/77718"}],"wp:attachment":[{"href":"https:\/\/www.europesays.com\/se\/wp-json\/wp\/v2\/media?parent=77717"}],"wp:term":[{"taxonomy":"category","embeddable":true,"href":"https:\/\/www.europesays.com\/se\/wp-json\/wp\/v2\/categories?post=77717"},{"taxonomy":"post_tag","embeddable":true,"href":"https:\/\/www.europesays.com\/se\/wp-json\/wp\/v2\/tags?post=77717"}],"curies":[{"name":"wp","href":"https:\/\/api.w.org\/{rel}","templated":true}]}}