{"id":77725,"date":"2025-11-11T10:53:07","date_gmt":"2025-11-11T10:53:07","guid":{"rendered":"https:\/\/www.europesays.com\/se\/77725\/"},"modified":"2025-11-11T10:53:07","modified_gmt":"2025-11-11T10:53:07","slug":"overfallet-i-hockeytrean-det-var-ren-galenskap-hockey","status":"publish","type":"post","link":"https:\/\/www.europesays.com\/se\/77725\/","title":{"rendered":"\u00d6verfallet i hockeytrean: \u201dDet var ren galenskap\u201d | Hockey"},"content":{"rendered":"<p>Publicerad 11 nov 2025 kl 10.31Uppdaterad kl 10.59<\/p>\n<p>Spelaren i hockeytrean slogs blodig p\u00e5 isen.<\/p>\n<p>Efter de brutala scenerna har h\u00e4ndelsen anm\u00e4lts till disciplinn\u00e4mnden.<\/p>\n<p>\u2013 Det h\u00e4r var ren galenskap, s\u00e4ger Hofors HC:s ordf\u00f6rande Sofie Lindkvist.<\/p>\n<p><img   alt=\"\"\/><\/p>\n<p>H\u00e4r delas slaget ut med klubban i ansiktet.<\/p>\n<p>Foto: Svensk Hockey-TV<\/p>\n<p>\u00d6ppna bild i helsk\u00e4rm<img loading=\"lazy\"   alt=\"\"\/><\/p>\n<p>Spelaren blev liggande p\u00e5 isen efter sm\u00e4llen.<\/p>\n<p>Foto: Svensk Hockey-TV<\/p>\n<p>\u00d6ppna bild i helsk\u00e4rm<img loading=\"lazy\"   alt=\"\"\/><\/p>\n<p>H\u00e4ndelsen har anm\u00e4lts till disciplinn\u00e4mnden.<\/p>\n<p>Foto: Svensk Hockey-TV<\/p>\n<p>\u00d6ppna bild i helsk\u00e4rmArtikeln i korthet<\/p>\n<p> En spelare i Hofors HC i hockeytrean blev tr\u00e4ffad av en klubba i ansiktet i en match mot IK Huge.<\/p>\n<p> Den skadade spelaren skadade fick flera t\u00e4nder utslagna och f\u00f6rdes till sjukhus.<\/p>\n<p> H\u00e4ndelsen har anm\u00e4lts till disciplinn\u00e4mnden som kommer att fatta beslut om eventuellt ytterligare straff.<\/p>\n<p>Visa mer<\/p>\n<p>I helgen spelades ett toppm\u00f6te i division tre G\u00e4vleborg.\u00a0<\/p>\n<p>Tredjeplacerade Hofors HC tog emot fyran IK Huge i Hofors Ishall.<\/p>\n<p>Kort efter att Hofors spr\u00e4ckt nollan utspelades ot\u00e4cka scener.\u00a0<\/p>\n<p>I h\u00f6jd med offensiv bl\u00e5linje fick en spelare i Hofors pl\u00f6tsligt ett slag \u00f6ver ansiktet. P\u00e5 videoklippet syns en motst\u00e5ndarspelare m\u00e5tta klubban mot hans mun.\u00a0<\/p>\n<p>Hemmaspelaren f\u00f6ll till isen och vred sig i sm\u00e4rtor. I samband med sm\u00e4llen b\u00f6rjade flera lagkamrater leta efter t\u00e4nder p\u00e5 isen \u2013 innan han l\u00e4mnade matchen.<\/p>\n<p>Sofie Lindkvist, ordf\u00f6rande f\u00f6r Hofors, f\u00f6ljde h\u00e4ndelsen fr\u00e5n l\u00e4ktarplats.<\/p>\n<p>\u2013 De flesta blev ganska chockade. Vad var det egentligen som h\u00e4nde? Det blev ganska stimmigt p\u00e5 l\u00e4ktaren. Det \u00e4r mycket barn p\u00e5 l\u00e4ktaren, det h\u00e4r \u00e4r ju familjehockey, s\u00e4ger hon.\u00a0<\/p>\n<p>\u201dRen galenskap\u201d<\/p>\n<p>Hugespelaren fick matchstraff. Och efter matchen skickade domarna in en anm\u00e4lan till disciplinn\u00e4mnden, s\u00e4ger Sofie Lindkvist.<\/p>\n<p>\u2013 Han fick \u00e5ka raka v\u00e4gen till akuten. Det \u00e4r ett flertal t\u00e4nder som beh\u00f6ver ers\u00e4ttas eller lagas. Han har \u00e4ven sytt.<\/p>\n<p>Hon ser allvarligt p\u00e5 h\u00e4ndelsen. Inte minst d\u00e5 b\u00e5de Hofors och Huge \u00e4r tv\u00e5 ideella breddf\u00f6reningar.<\/p>\n<p>\u2013 Det kan vara gruff och br\u00e5k. Men det h\u00e4r var liksom inte en olycka eller ett br\u00e5k som gick \u00f6ver styr. Det h\u00e4r var ren galenskap. Med tanke p\u00e5 skadan det orsakade. Det kommer ta tid att f\u00e5 de d\u00e4r t\u00e4nderna fixade, s\u00e4ger Sofie Lindkvist.<\/p>\n<p>M\u00e5ste laga sex t\u00e4nder<\/p>\n<p>Klubbens vice ordf\u00f6rande beskriver ocks\u00e5 h\u00e4ndelsen som \u201ddet v\u00e4rsta \u00f6verfallet\u201d han sett i ishallen.<\/p>\n<p>Expressen har varit i kontakt med den skadade spelaren som avb\u00f6jer att kommentera det hela. Till Gefle Dagblad s\u00e4ger han att sex t\u00e4nder m\u00e5ste lagas.<\/p>\n<p>\u2013 Nu ska vi g\u00f6ra en plan f\u00f6r hur vi ska l\u00f6sa k\u00e4ken, s\u00e4ger han och konstaterar:<\/p>\n<p>\u2013 Det blir v\u00e4l en och annan smoothie fram\u00f6ver.<\/p>\n<p>Expressen har ocks\u00e5 s\u00f6kt IK Huges sportchef Markus Dal. Han s\u00e4ger till Gefle Dagblad att spelaren \u00e4r \u00e5ngerfull.\u00a0<\/p>\n<p>\u2013 Min bild \u00e4r att det uppst\u00e5r en situation d\u00e4r v\u00e5r spelare delar ut en slashing mot en Hofors-spelare \u2013 och det tar v\u00e4ldigt illa. Det \u00e4r n\u00e5got som varken jag eller IK Huge st\u00e5r bakom, s\u00e4ger Dal till tidningen och forts\u00e4tter:<\/p>\n<p>\u2013 Situationen g\u00e5r inte att f\u00f6rsvara, s\u00e4rskilt inte med tanke p\u00e5 utfallet. Vi har hanterat det internt, pratat med spelaren varje dag. Han har v\u00e4ldigt mycket \u00e5ngest \u00f6ver det som h\u00e4nt.<\/p>\n","protected":false},"excerpt":{"rendered":"Publicerad 11 nov 2025 kl 10.31Uppdaterad kl 10.59 Spelaren i hockeytrean slogs blodig p\u00e5 isen. Efter de brutala&hellip;\n","protected":false},"author":2,"featured_media":77726,"comment_status":"","ping_status":"","sticky":false,"template":"","format":"standard","meta":{"footnotes":""},"categories":[68],"tags":[34,255,111,110,31,33,32,30],"class_list":{"0":"post-77725","1":"post","2":"type-post","3":"status-publish","4":"format-standard","5":"has-post-thumbnail","7":"category-sport","8":"tag-se","9":"tag-sections-ishockey","10":"tag-sport","11":"tag-sports","12":"tag-svenska","13":"tag-sverige","14":"tag-sweden","15":"tag-swedish"},"share_on_mastodon":{"url":"https:\/\/pubeurope.com\/@se\/115530694891100216","error":""},"_links":{"self":[{"href":"https:\/\/www.europesays.com\/se\/wp-json\/wp\/v2\/posts\/77725","targetHints":{"allow":["GET"]}}],"collection":[{"href":"https:\/\/www.europesays.com\/se\/wp-json\/wp\/v2\/posts"}],"about":[{"href":"https:\/\/www.europesays.com\/se\/wp-json\/wp\/v2\/types\/post"}],"author":[{"embeddable":true,"href":"https:\/\/www.europesays.com\/se\/wp-json\/wp\/v2\/users\/2"}],"replies":[{"embeddable":true,"href":"https:\/\/www.europesays.com\/se\/wp-json\/wp\/v2\/comments?post=77725"}],"version-history":[{"count":0,"href":"https:\/\/www.europesays.com\/se\/wp-json\/wp\/v2\/posts\/77725\/revisions"}],"wp:featuredmedia":[{"embeddable":true,"href":"https:\/\/www.europesays.com\/se\/wp-json\/wp\/v2\/media\/77726"}],"wp:attachment":[{"href":"https:\/\/www.europesays.com\/se\/wp-json\/wp\/v2\/media?parent=77725"}],"wp:term":[{"taxonomy":"category","embeddable":true,"href":"https:\/\/www.europesays.com\/se\/wp-json\/wp\/v2\/categories?post=77725"},{"taxonomy":"post_tag","embeddable":true,"href":"https:\/\/www.europesays.com\/se\/wp-json\/wp\/v2\/tags?post=77725"}],"curies":[{"name":"wp","href":"https:\/\/api.w.org\/{rel}","templated":true}]}}