{"id":77729,"date":"2025-11-11T10:58:12","date_gmt":"2025-11-11T10:58:12","guid":{"rendered":"https:\/\/www.europesays.com\/se\/77729\/"},"modified":"2025-11-11T10:58:12","modified_gmt":"2025-11-11T10:58:12","slug":"sd-profilen-daniel-lonn-atalad-for-ringa-narkotikabrott","status":"publish","type":"post","link":"https:\/\/www.europesays.com\/se\/77729\/","title":{"rendered":"SD-profilen Daniel L\u00f6nn \u00e5talad f\u00f6r ringa narkotikabrott"},"content":{"rendered":"<p>Publicerad 11 nov 2025 kl 10.39Uppdaterad kl 11.43<\/p>\n<p>SD-toppen Daniel L\u00f6nn sparkades ut ur partiet efter att Expressen avsl\u00f6jat fyllefilmerna p\u00e5 honom \u2013\u00a0men han jobbar kvar f\u00f6r partiet som politisk sekreterare \u00e5t Kent Ekeroth.<\/p>\n<p>Nu \u00e5talas L\u00f6nn f\u00f6r ringa narkotikabrott efter \u00e4nnu en festnatt som slutade i polisens fyllecell.<\/p>\n<p><img   alt=\"\"\/><\/p>\n<p>Daniel L\u00f6nn tj\u00e4nstgjorde tidigare i \u00e5r som riksdagsledamot, men utesl\u00f6ts efter Expressens avsl\u00f6jande.<\/p>\n<p>Foto: Sven Lindwall<\/p>\n<p>\u00d6ppna bild i helsk\u00e4rm<\/p>\n<p>Det var natten mot 27 september som Daniel L\u00f6nn, som tidigare i \u00e5r var ers\u00e4ttare i riksdagen, var ute p\u00e5 en krogrunda i centrala <a href=\"https:\/\/www.expressen.se\/tagg\/location\/borlange\/\" class=\"\" rel=\"nofollow noopener\" target=\"_blank\">Borl\u00e4nge<\/a> tillsammans med en v\u00e4n. Vid midnatt gick han vidare till nattklubben Lips f\u00f6r att forts\u00e4tta festa. N\u00e4r han senare f\u00f6rs\u00f6kte komma in p\u00e5 en annan krog s\u00e5 nekades han intr\u00e4de.\u00a0<\/p>\n<p>Artikeln i korthet<\/p>\n<p>&#8211; Daniel L\u00f6nn, SD, \u00e5talas f\u00f6r ringa narkotikabrott efter en festnatt i Borl\u00e4nge i september.<\/p>\n<p>&#8211; L\u00f6nn utesl\u00f6ts tidigare i \u00e5r efter att Expressen avsl\u00f6jat fyllefilmer p\u00e5 honom. Trots det fortsatte han att jobba som politisk sekreterare f\u00f6r SD.<\/p>\n<p>&#8211; L\u00f6nn nekar till brott och s\u00e4ger att han l\u00e4mnat sin tj\u00e4nst f\u00f6r SD.<\/p>\n<p>Visa mer<\/p>\n<p>I st\u00e4llet f\u00f6r att g\u00e5 hem blev han omh\u00e4ndertagen av polisen enligt LOB, lagen om omh\u00e4ndertagande av berusade personer. Han f\u00f6rdes till polisens arrest. D\u00e4r noterade poliserna att L\u00f6nn uppvisade \u201dmuntorrhet, spelande fingrar, pendlande hum\u00f6r och glansiga \u00f6gon\u201d, som det st\u00e5r i brottsanm\u00e4lan.<\/p>\n<p><img loading=\"lazy\"   alt=\"\"\/><\/p>\n<p>Daniel L\u00f6nn var under tisdagen fortfarande anst\u00e4lld som politisk sekreterare f\u00f6r SD i Region Dalarna.<\/p>\n<p>Foto: ALEX LJUNGDAHL<\/p>\n<p>\u00d6ppna bild i helsk\u00e4rm<\/p>\n<p>Ett urinprov visade sp\u00e5r av kokain i L\u00f6nn.<\/p>\n<p>Daniel L\u00f6nn, som nekar till brott, ber\u00e4ttar i polisf\u00f6rh\u00f6r att han hade en \u201dskum k\u00e4nsla\u201d den aktuella natten. Den skumma k\u00e4nslan innebar att han k\u00e4nde sig ovanligt pigg och kunde dricka mer alkohol \u00e4n vanligt.<\/p>\n<p>L\u00f6nn: \u201dN\u00e5gon vill skoja eller f\u00f6rst\u00f6ra f\u00f6r mig\u201d<\/p>\n<p>F\u00f6r polisen kunde han inte f\u00f6rklara de tecken p\u00e5 drogp\u00e5verkan som poliserna i arresten s\u00e5g. P\u00e5 fr\u00e5gan om hur det kommer sig att urinprovet visade sp\u00e5r av kokain sa L\u00f6nn:<\/p>\n<p>\u2013\u00a0Det kan vara s\u00e5 att n\u00e5gon kan ha haft ett egensyfte att tillse mig kokainet f\u00f6r att antingen skoja eller f\u00f6rst\u00f6ra f\u00f6r mig, sa han och tillade att ingen i hans umg\u00e4nge anv\u00e4nder droger.<\/p>\n<p>Daniel L\u00f6nns skandaler<\/p>\n<p>FYLLECELLEN: Daniel L\u00f6nn omh\u00e4ndertogs av polisen, enligt lagen om omh\u00e4ndertagande av berusade personer, i samband med ett tumult utanf\u00f6r en krog i Borl\u00e4nge i december 2022, vilket Falu-Kuriren avsl\u00f6jade ett drygt halv\u00e5r senare. L\u00f6nn var, enligt polisrapporten, \u201dkraftigt p\u00e5verkad och hade d\u00e5lig attityd\u201d. Han ska ocks\u00e5 ha sagt att Borl\u00e4nges h\u00f6gste polischef borde l\u00e5sas in.<\/p>\n<p>KROGBR\u00c5KET: Samma kv\u00e4ll som L\u00f6nn f\u00f6rdes till polisens fyllecell s\u00e5 hade hans kamrat, riksdagsledamoten Rasmus Giertz, hamnat i br\u00e5ket utanf\u00f6r nattklubben i Borl\u00e4nge. SD-toppen polisanm\u00e4ldes och n\u00e5gra dagar senare gjorde han en motanm\u00e4lan. Polisutredningarna l\u00e4ggs sedan ned.<\/p>\n<p>VAPENBILDEN: Daniel L\u00f6nn sparkades i maj f\u00f6rra \u00e5ret ut som n\u00e4mndeman fr\u00e5n Svea hovr\u00e4tt, vilket Expressen avsl\u00f6jade. F\u00f6rutom natten i polisens fyllecell pekade domstolen p\u00e5 en bild d\u00e4r L\u00f6nn poserar med vapen i Polen som sk\u00e4l till varf\u00f6r han tvingas sluta som lekmannadomare.<\/p>\n<p>JUDEHATET: Expo kunde i v\u00e5ras avsl\u00f6ja att L\u00f6nn gillat judehat p\u00e5 Instagram \u2013 och att han i sociala medier f\u00f6ljer tv\u00e5 personer som kopplas till nazistiska NMR och det h\u00f6gerextrema s\u00e5 kallade N\u00e4tverkets f\u00f6rening Bl\u00e5gula korset. L\u00f6nn har sj\u00e4lv tillbakavisat att han skulle vara antisemit och menar att det var \u201dklantigt\u201d att han r\u00e5kat gillamarkera inl\u00e4gget.<\/p>\n<p>FILMERNA: Expressen kunde i mars i \u00e5r publicera tv\u00e5 filmer p\u00e5 Daniel L\u00f6nn. I ena filmen syns hur han blir bortf\u00f6rd av ordningsvakter p\u00e5 en nattklubb i Borl\u00e4nge i julhelgen. I den andra filmen, oklart n\u00e4r den \u00e4r inspelad, pratar L\u00f6nn om hur det \u00e4r att sitta i fyllecell. Expressens avsl\u00f6jande ledde till att partiet inledde ett medlems\u00e4rende mot L\u00f6nn, som sj\u00e4lv ber\u00e4ttade att han l\u00e4mnar sina politiska uppdrag.<\/p>\n<p>Visa mer<\/p>\n<p>Det \u00e4r inte f\u00f6rsta g\u00e5ngen som L\u00f6nn f\u00f6rs till polisens fyllecell. Efter en <a href=\"https:\/\/www.expressen.se\/nyheter\/vittnen-om-rasmus-giertz-brak-pa-karaokebaren\/\" rel=\"nofollow noopener\" target=\"_blank\">utekv\u00e4ll i centrala Borl\u00e4nge<\/a> i december 2022 blev han omh\u00e4ndertagen av polisen och f\u00f6rd till fyllecell.<\/p>\n<p>Polisrapporten, som avsl\u00f6jades av <a href=\"https:\/\/www.falukuriren.se\/artikel\/toppolitiker-hamnade-i-fyllecell-och-ville-lasa-in-polischefen\" rel=\"nofollow noopener\" target=\"_blank\">Falu-Kuriren<\/a>, ber\u00e4ttade att SD-toppen var \u201dkraftigt p\u00e5verkad och hade d\u00e5lig attityd\u201d. Han ska upprepade g\u00e5nger ha kritiserat polisens och sagt att polischeferna borde sitta inne. Polispatrullen uppfattade honom som en \u201dr\u00e4ttshaverist\u201d.<\/p>\n<p>Trots natten i polisens fyllecell fick L\u00f6nn stanna kvar p\u00e5 sina politiska poster f\u00f6r SD \u2013 vice ordf\u00f6rande i SD Dalarna samt kommunstyrelse- och kommunfullm\u00e4ktigeledamot i Borl\u00e4nge. Han var ocks\u00e5 ers\u00e4ttare i riksdagen.\u00a0<\/p>\n<p>Fyllefilmerna ledde till uteslutning<\/p>\n<p>Men i mars i \u00e5r, n\u00e4r L\u00f6nn tj\u00e4nstgjorde som riksdagsledamot, kunde <a href=\"https:\/\/www.expressen.se\/nyheter\/sverige\/sd-ledamoten-blir-bortford-av-ordningsvakter\/\" rel=\"nofollow noopener\" target=\"_blank\">Expressen avsl\u00f6ja tv\u00e5 fyllefilmer<\/a> p\u00e5 honom. I en av filmerna blev han bortf\u00f6rd av ordningsvakter p\u00e5 en nattklubb i Borl\u00e4nge under julhelgen. I den andra filmen, oklart n\u00e4r den spelats in, filmade han sig sj\u00e4lv n\u00e4r han pratade om att sitta i polisens fyllecell.<\/p>\n<p>\u2013 J\u00e4vla horungar till ordningsvakter som sl\u00e4nger in mig i snutbilen s\u00e5 man f\u00e5r sitta i fyllecell, det var bland det v\u00e4rsta jag gjort i hela mitt liv. Ah fy fan det var riktigt illa, sa L\u00f6nn och fortsatte:<\/p>\n<p>Annons<\/p>\n<p>\u2013 Nu \u00e4r jag snart hemma, ska lighta en spliff (en marijuanacigarett, reds anm) och bara pissa p\u00e5 polisens allts\u00e5. Fy fan.<\/p>\n<p>Expressens avsl\u00f6jande ledde till att L\u00f6nn utesl\u00f6ts ur SD, men trots det s\u00e5 fick han jobba kvar som <a href=\"https:\/\/www.expressen.se\/nyheter\/daniel-lonn-sd-utsparkad-efter-fylla-kvar-med-44-300-kr-i-lon\/\" rel=\"nofollow noopener\" target=\"_blank\">politisk sekreterare<\/a> f\u00f6r partiet i Region Dalarna. I den tj\u00e4nsten s\u00e5 jobbar han f\u00f6r den tidigare riksdagsledamoten Kent Ekeroth, som \u00e4r oppositionsr\u00e5d f\u00f6r SD.<\/p>\n<p>L\u00f6nn: \u201dJag har slutat\u201d<\/p>\n<p>Daniel L\u00f6nn skriver i ett sms till Expressen:<\/p>\n<p>\u201dJag har slutat som politisk sekreterare f\u00f6r att p\u00e5b\u00f6rja studier. Har ingenting med Sverigedemokraterna att g\u00f6ra idag. Vad g\u00e4ller \u00e5talet s\u00e5 ser jag framemot en friande dom.\u201d<\/p>\n<p>N\u00e4r Expressen d\u00e5 p\u00e5talar att regionen under tisdagsf\u00f6rmiddagen intygade att L\u00f6nn fortfarande \u00e4r anst\u00e4lld som politisk sekreterare svarar han:<\/p>\n<p>\u201dformellt s\u00e5 sade jag upp mig i s\u00f6ndags. Kan vara n\u00e5got strul med upps\u00e4gningstid men arbetar inte kvar.\u201d<\/p>\n<p>Kent Ekeroth skriver i ett sms:<\/p>\n<p>\u201dDaniel har sj\u00e4lv valt att avsluta sin anst\u00e4llning. Han har redan tidigare i h\u00f6stas aviserat att han t\u00e4nkt b\u00f6rja studera, s\u00e5 det har varit k\u00e4nt f\u00f6r mig ett tag att han inte skulle forts\u00e4tta hos oss.\u201d<\/p>\n<p>Expressen har s\u00f6kt partiets pressavdelning som h\u00e4nvisar till Region Dalarna. R\u00e4tteg\u00e5ngen mot L\u00f6nn h\u00e5lls 20 november i Falu tingsr\u00e4tt.<\/p>\n<p><strong>L\u00c4S MER: <\/strong><a href=\"https:\/\/www.expressen.se\/nyheter\/sverige\/sd-ledamoten-blir-bortford-av-ordningsvakter\/\" class=\"\" rel=\"nofollow noopener\" target=\"_blank\">SD-ledamoten blir bortf\u00f6rd avordningsvakter<\/a><strong>L\u00c4S MER: <\/strong><a href=\"https:\/\/www.expressen.se\/nyheter\/daniel-lonn-sd-utsparkad-efter-fylla-kvar-med-44-300-kr-i-lon\/\" class=\"\" rel=\"nofollow noopener\" target=\"_blank\">Daniel L\u00f6nn, SD, utsparkad efter fylla \u2013 kvar med 44 300 kr i l\u00f6n<\/a><strong>L\u00c4S MER: <\/strong><a href=\"https:\/\/www.expressen.se\/nyheter\/sverige\/sd-toppen-sparkas-ut-fran-hovratten-skadas\/\" class=\"\" rel=\"nofollow noopener\" target=\"_blank\">H\u00e4r poserar SD-toppen med vapen \u2013 sparkas ut fr\u00e5n hovr\u00e4tten<\/a><\/p>\n","protected":false},"excerpt":{"rendered":"Publicerad 11 nov 2025 kl 10.39Uppdaterad kl 11.43 SD-toppen Daniel L\u00f6nn sparkades ut ur partiet efter att Expressen&hellip;\n","protected":false},"author":2,"featured_media":77730,"comment_status":"","ping_status":"","sticky":false,"template":"","format":"standard","meta":{"footnotes":""},"categories":[12],"tags":[22,23,26,27,17,21,24,25,5397,28,29,15,16,3043,38,18,34,583,31,33,32,30,19,3456,20],"class_list":{"0":"post-77729","1":"post","2":"type-post","3":"status-publish","4":"format-standard","5":"has-post-thumbnail","7":"category-sverige","8":"tag-breaking-news","9":"tag-breakingnews","10":"tag-featured-news","11":"tag-featurednews","12":"tag-headlines","13":"tag-huvudnyheter","14":"tag-latest-news","15":"tag-latestnews","16":"tag-location-borlange","17":"tag-main-news","18":"tag-mainnews","19":"tag-news","20":"tag-nyheter","21":"tag-organization-riksdagen","22":"tag-organization-sverigedemokraterna","23":"tag-rubriker","24":"tag-se","25":"tag-sections-politik","26":"tag-svenska","27":"tag-sverige","28":"tag-sweden","29":"tag-swedish","30":"tag-top-stories","31":"tag-topic-narkotikabrott","32":"tag-topstories"},"share_on_mastodon":{"url":"https:\/\/pubeurope.com\/@se\/115530714617426287","error":""},"_links":{"self":[{"href":"https:\/\/www.europesays.com\/se\/wp-json\/wp\/v2\/posts\/77729","targetHints":{"allow":["GET"]}}],"collection":[{"href":"https:\/\/www.europesays.com\/se\/wp-json\/wp\/v2\/posts"}],"about":[{"href":"https:\/\/www.europesays.com\/se\/wp-json\/wp\/v2\/types\/post"}],"author":[{"embeddable":true,"href":"https:\/\/www.europesays.com\/se\/wp-json\/wp\/v2\/users\/2"}],"replies":[{"embeddable":true,"href":"https:\/\/www.europesays.com\/se\/wp-json\/wp\/v2\/comments?post=77729"}],"version-history":[{"count":0,"href":"https:\/\/www.europesays.com\/se\/wp-json\/wp\/v2\/posts\/77729\/revisions"}],"wp:featuredmedia":[{"embeddable":true,"href":"https:\/\/www.europesays.com\/se\/wp-json\/wp\/v2\/media\/77730"}],"wp:attachment":[{"href":"https:\/\/www.europesays.com\/se\/wp-json\/wp\/v2\/media?parent=77729"}],"wp:term":[{"taxonomy":"category","embeddable":true,"href":"https:\/\/www.europesays.com\/se\/wp-json\/wp\/v2\/categories?post=77729"},{"taxonomy":"post_tag","embeddable":true,"href":"https:\/\/www.europesays.com\/se\/wp-json\/wp\/v2\/tags?post=77729"}],"curies":[{"name":"wp","href":"https:\/\/api.w.org\/{rel}","templated":true}]}}