{"id":77731,"date":"2025-11-11T10:59:50","date_gmt":"2025-11-11T10:59:50","guid":{"rendered":"https:\/\/www.europesays.com\/se\/77731\/"},"modified":"2025-11-11T10:59:50","modified_gmt":"2025-11-11T10:59:50","slug":"niinisto-till-eu-ledarna-gor-som-trump-2","status":"publish","type":"post","link":"https:\/\/www.europesays.com\/se\/77731\/","title":{"rendered":"Niinist\u00f6 till EU-ledarna: G\u00f6r som Trump"},"content":{"rendered":"<p class=\"boxtextgrotesk-root_baa6 hyperion-css-7pajle\">Publicerad 2025-11-10 22.34<\/p>\n<p>share-arrowDela<\/p>\n<p>unsaveSpara<\/p>\n<p>expand-left<\/p>\n<p>helsk\u00e4rm<img decoding=\"async\" class=\"image-asset hyperion-css-u06ts1\" data-test-tag=\"image-asset\" src=\"https:\/\/www.europesays.com\/se\/wp-content\/uploads\/2025\/11\/6725ac25-5e24-4bda-aa61-ef7792caa21b\"  alt=\"Finlands tidigare president Sauli Niinist\u00f6, h\u00e4r p\u00e5 bild fr\u00e5n i fjol.\"  loading=\"eager\" fetchpriority=\"high\" style=\"aspect-ratio:1900 \/ 1267\"\/>Finlands tidigare president Sauli Niinist\u00f6, h\u00e4r p\u00e5 bild fr\u00e5n i fjol. Foto: Javad Parsa\/NTB\/TT<\/p>\n<p class=\"hyperion-css-1shl3oz\" data-test-tag=\"lead-text\">Europas ledare borde g\u00f6ra som Donald Trump, och prata direkt med Vladimir Putin f\u00f6r att f\u00f6rs\u00f6ka f\u00e5 ett slut p\u00e5 kriget i Ukraina.<\/p>\n<p class=\"hyperion-css-1shl3oz\" data-test-tag=\"lead-text\">Det s\u00e4ger Finlands tidigare president Sauli Niinist\u00f6.<\/p>\n<p class=\"hyperion-css-1v9qo5x\">De europeiska politikerna \u00e4r \u201dlite r\u00e4dda\u201d att USA:s och Rysslands presidenter ska prata om Europa \u00f6ver Europas huvud, s\u00e4ger Sauli Niinist\u00f6 i en intervju med Yle.<\/p>\n<p class=\"hyperion-css-1v9qo5x\">Det borde vara ett sk\u00e4l f\u00f6r Europa att tala direkt med Moskva, konstaterar han.<\/p>\n<p class=\"hyperion-css-1v9qo5x\">\u2013 N\u00e4r man befinner sig i en s\u00e5dan h\u00e4r situation s\u00e5 kunde det vara klokt att sj\u00e4lv ocks\u00e5 f\u00f6ra dessa samtal. Precis som Trump.<\/p>\n<p class=\"hyperion-css-1v9qo5x\">\u2013 (Frankrikes president Emmanuel) Macron torde vara den siste som har ringt och f\u00f6re det (Tysklands) f\u00f6rbundskansler (Olaf) Scholz f\u00f6r omkring ett \u00e5r sedan. Och han blev utsk\u00e4lld f\u00f6r det, s\u00e4ger Niinist\u00f6.<\/p>\n<p class=\"hyperion-css-1v9qo5x\">\u2013 Det \u00e4r p\u00e5 s\u00e4tt och vis en absurd situation att europ\u00e9er s\u00e4ger att de inte talar med krigsf\u00f6rbrytaren Putin. Men Trump g\u00f6r det och sedan g\u00e5r vi och f\u00e5r h\u00f6ra vad de pratade om.<\/p>\n<p class=\"hyperion-css-1v9qo5x\">Sauli Niinist\u00f6 var Finlands president mellan 2012 och 2024. I fjol skrev han p\u00e5 EU:s uppdrag en rapport om hur Europa kan st\u00e4rka sin beredskap civilt och milit\u00e4rt.<\/p>\n","protected":false},"excerpt":{"rendered":"Publicerad 2025-11-10 22.34 share-arrowDela unsaveSpara expand-left helsk\u00e4rmFinlands tidigare president Sauli Niinist\u00f6, h\u00e4r p\u00e5 bild fr\u00e5n i fjol. Foto:&hellip;\n","protected":false},"author":2,"featured_media":77732,"comment_status":"","ping_status":"","sticky":false,"template":"","format":"standard","meta":{"footnotes":""},"categories":[5],"tags":[22,23,26,27,17,21,24,25,28,29,15,16,18,34,31,33,32,30,19,20],"class_list":{"0":"post-77731","1":"post","2":"type-post","3":"status-publish","4":"format-standard","5":"has-post-thumbnail","7":"category-rubriker","8":"tag-breaking-news","9":"tag-breakingnews","10":"tag-featured-news","11":"tag-featurednews","12":"tag-headlines","13":"tag-huvudnyheter","14":"tag-latest-news","15":"tag-latestnews","16":"tag-main-news","17":"tag-mainnews","18":"tag-news","19":"tag-nyheter","20":"tag-rubriker","21":"tag-se","22":"tag-svenska","23":"tag-sverige","24":"tag-sweden","25":"tag-swedish","26":"tag-top-stories","27":"tag-topstories"},"share_on_mastodon":{"url":"https:\/\/pubeurope.com\/@se\/115530722443367674","error":""},"_links":{"self":[{"href":"https:\/\/www.europesays.com\/se\/wp-json\/wp\/v2\/posts\/77731","targetHints":{"allow":["GET"]}}],"collection":[{"href":"https:\/\/www.europesays.com\/se\/wp-json\/wp\/v2\/posts"}],"about":[{"href":"https:\/\/www.europesays.com\/se\/wp-json\/wp\/v2\/types\/post"}],"author":[{"embeddable":true,"href":"https:\/\/www.europesays.com\/se\/wp-json\/wp\/v2\/users\/2"}],"replies":[{"embeddable":true,"href":"https:\/\/www.europesays.com\/se\/wp-json\/wp\/v2\/comments?post=77731"}],"version-history":[{"count":0,"href":"https:\/\/www.europesays.com\/se\/wp-json\/wp\/v2\/posts\/77731\/revisions"}],"wp:featuredmedia":[{"embeddable":true,"href":"https:\/\/www.europesays.com\/se\/wp-json\/wp\/v2\/media\/77732"}],"wp:attachment":[{"href":"https:\/\/www.europesays.com\/se\/wp-json\/wp\/v2\/media?parent=77731"}],"wp:term":[{"taxonomy":"category","embeddable":true,"href":"https:\/\/www.europesays.com\/se\/wp-json\/wp\/v2\/categories?post=77731"},{"taxonomy":"post_tag","embeddable":true,"href":"https:\/\/www.europesays.com\/se\/wp-json\/wp\/v2\/tags?post=77731"}],"curies":[{"name":"wp","href":"https:\/\/api.w.org\/{rel}","templated":true}]}}