{"id":77736,"date":"2025-11-11T11:08:20","date_gmt":"2025-11-11T11:08:20","guid":{"rendered":"https:\/\/www.europesays.com\/se\/77736\/"},"modified":"2025-11-11T11:08:20","modified_gmt":"2025-11-11T11:08:20","slug":"ledare-huvudlos-kritik-mot-aktiebolagen","status":"publish","type":"post","link":"https:\/\/www.europesays.com\/se\/77736\/","title":{"rendered":"LEDARE: Huvudl\u00f6s kritik mot aktiebolagen"},"content":{"rendered":"<p>\u201dSom f\u00f6retagare tycker jag naturligtvis att det \u00e4r v\u00e4ldigt olyckligt n\u00e4r man ifr\u00e5gas\u00e4tter aktiebolag. Det \u00e4r ju hela bottenplattan f\u00f6r f\u00f6retagande\u201d, s\u00e4ger han i en <a href=\"https:\/\/www.di.se\/nyheter\/jacob-wallenberg-vadrar-konjunkturvandning\/\" rel=\"nofollow noopener\" target=\"_blank\">Di-intervju.<\/a>\u00a0<\/p>\n<p>N\u00e4r en av n\u00e4ringslivets tyngsta makthavare reagerar s\u00e5 kraftfullt finns det anledning att ta oron p\u00e5 allvar.<\/p>\n<p>Socialdemokraterna och Liberalerna g\u00e5r till val p\u00e5 att f\u00f6rbjuda vinster i skolan och angriper, direkt och indirekt, den i s\u00e4rklass popul\u00e4raste driftsformen f\u00f6r friskolor: aktiebolaget. \u00c4ven MP och V har liknande st\u00e5ndpunkter.<\/p>\n<p>Kritiken bygger p\u00e5 premissen att vinst \u00e4r ett slags st\u00f6ld fr\u00e5n samh\u00e4llet, en farlig och felaktig uppfattning.<\/p>\n<p>Man ska inte underskatta risken att den fientliga inst\u00e4llningen till driftsformen i v\u00e4lf\u00e4rden ocks\u00e5 kan smitta av sig p\u00e5 andra sektorer. Alla m\u00f6jliga branscher d\u00e4r det finns ett mer eller mindre uttalat samh\u00e4llsintresse skulle kunna dras in i debatten, till exempel banker, livsmedelshandlare och apotek.<\/p>\n<blockquote class=\"quote\"><p>\u201dVem v\u00e5gar satsa om aktiebolag pl\u00f6tsligt portas fr\u00e5n vissa sektorer?\u201d<\/p><\/blockquote>\n<p>Magdalena Andersson (S) f\u00f6rsitter inga tillf\u00e4llen att ber\u00e4tta att partiet vill g\u00f6ra upp med \u201dmarknadsmisslyckanden\u201d och stoppa \u201dplundringen\u201d av v\u00e4lf\u00e4rden. \u00c4ven forts\u00e4ttningsvis kommer detta att vara S tydliga konfliktlinje mot regeringen.<\/p>\n<p>Under Simona Mohamssons ledning har Liberalerna till och med g\u00e5tt l\u00e4ngre \u00e4n S genom att explicit ta sikte p\u00e5 aktiebolagen. Friskolor som i dag drivs som aktiebolag b\u00f6r omvandlas till en ny s\u00e4rskild driftsform utan krav p\u00e5 vinst, enligt L. Vad detta inneb\u00e4r i praktiken eller hur detta ska g\u00e5 till har partiet inte redogjort f\u00f6r.\u00a0<\/p>\n<p>Att avskaffa aktiebolagen i skolsektorn skulle f\u00e5 o\u00f6verblickbara negativa konsekvenser f\u00f6r \u00e4gare, elever, f\u00f6r\u00e4ldrar och l\u00e4rare. Utfallen sprider oro i en viktig sektor.\u00a0<\/p>\n<p>I f\u00f6rl\u00e4ngningen h\u00e4mmas ocks\u00e5 den innovationsanda som har gjort Sverige till framg\u00e5ngsrikt f\u00f6retagarland. Vem v\u00e5gar satsa om aktiebolag pl\u00f6tsligt portas fr\u00e5n vissa sektorer?<\/p>\n<p>N\u00e4stan inget i samh\u00e4llet skulle kunna utr\u00e4ttas utan aktiebolag. Det \u00e4r en egen juridisk person som kan ing\u00e5 avtal, fakturera, \u00e4ga tillg\u00e5ngar, sprida risker och l\u00e5na upp pengar. \u00c4garna \u00e4r i regel inte personligt ansvariga. Det g\u00f6r att entrepren\u00f6rer v\u00e5gar satsa och t\u00e4nka stort.\u00a0<\/p>\n<p>Aktiebolag \u00e4r ocks\u00e5 en vanlig driftsform i stat, kommuner och regioner. Det \u00e4r ett s\u00e4tt att uts\u00e4tta offentlig verksamhet f\u00f6r konkurrens och m\u00f6jligg\u00f6ra j\u00e4mf\u00f6relser mellan exempelvis v\u00e5rdcentraler eller sjukhus.\u00a0<\/p>\n<p>Ledarskapet blir synligare och beslutsv\u00e4garna kortare i ett aktiebolag. Detta borde rimligen ocks\u00e5 politiker uppskatta. Dessutom: Om n\u00e5got skulle g\u00e5 illa kan ett tydligt ansvar utkr\u00e4vas av vd och styrelse.<\/p>\n<p>Vinsten som begrepp \u00e4r centralt i aktiebolagslagen. \u00c4garna f\u00f6rv\u00e4ntar sig givetvis en avkastning p\u00e5 satsat kapital. Men att vinsten skulle vara det enda intresset och att det st\u00e5r i konflikt med verksamhetens syfte st\u00e4mmer inte. Det \u00e4r fullt m\u00f6jligt att driva exempelvis utm\u00e4rkta skolor och samtidigt g\u00f6ra en vinst. F\u00f6retag som inte levererar den tj\u00e4nst eller vara som man har kommit \u00f6verens om med kunden blir inte l\u00e5nglivade.<\/p>\n<p>Aktiebolaget \u00e4r grundbulten i en v\u00e4l fungerande ekonomi. Att bolagsformens genombrott i Sverige sammanfaller med industrialiseringen \u00e4r ingen tillf\u00e4llighet. Utan denna driftsform skulle Sverige inte ha f\u00f6retag som Volvo, SKF, Ericsson eller f\u00f6r den delen Spotify och Klarna.<\/p>\n<p>Debatten om aktiebolagen \u00e4r destruktiv. Om n\u00e5got b\u00f6r politikerna v\u00e4rna f\u00f6ruts\u00e4ttningarna f\u00f6r driftsformen, inte misst\u00e4nkligg\u00f6ra den. Det \u00e4r d\u00e4rf\u00f6r v\u00e4lg\u00f6rande att Jacob Wallenberg st\u00e5r upp f\u00f6r aktiebolaget och p\u00e5minner om dess avg\u00f6rande betydelse f\u00f6r svenskt f\u00f6retagande och v\u00e4lst\u00e5nd.<\/p>\n","protected":false},"excerpt":{"rendered":"\u201dSom f\u00f6retagare tycker jag naturligtvis att det \u00e4r v\u00e4ldigt olyckligt n\u00e4r man ifr\u00e5gas\u00e4tter aktiebolag. Det \u00e4r ju hela&hellip;\n","protected":false},"author":2,"featured_media":77737,"comment_status":"","ping_status":"","sticky":false,"template":"","format":"standard","meta":{"footnotes":""},"categories":[5],"tags":[22,23,26,27,17,21,24,25,28,29,15,16,18,34,31,33,32,30,19,20],"class_list":{"0":"post-77736","1":"post","2":"type-post","3":"status-publish","4":"format-standard","5":"has-post-thumbnail","7":"category-rubriker","8":"tag-breaking-news","9":"tag-breakingnews","10":"tag-featured-news","11":"tag-featurednews","12":"tag-headlines","13":"tag-huvudnyheter","14":"tag-latest-news","15":"tag-latestnews","16":"tag-main-news","17":"tag-mainnews","18":"tag-news","19":"tag-nyheter","20":"tag-rubriker","21":"tag-se","22":"tag-svenska","23":"tag-sverige","24":"tag-sweden","25":"tag-swedish","26":"tag-top-stories","27":"tag-topstories"},"share_on_mastodon":{"url":"https:\/\/pubeurope.com\/@se\/115530753850424889","error":""},"_links":{"self":[{"href":"https:\/\/www.europesays.com\/se\/wp-json\/wp\/v2\/posts\/77736","targetHints":{"allow":["GET"]}}],"collection":[{"href":"https:\/\/www.europesays.com\/se\/wp-json\/wp\/v2\/posts"}],"about":[{"href":"https:\/\/www.europesays.com\/se\/wp-json\/wp\/v2\/types\/post"}],"author":[{"embeddable":true,"href":"https:\/\/www.europesays.com\/se\/wp-json\/wp\/v2\/users\/2"}],"replies":[{"embeddable":true,"href":"https:\/\/www.europesays.com\/se\/wp-json\/wp\/v2\/comments?post=77736"}],"version-history":[{"count":0,"href":"https:\/\/www.europesays.com\/se\/wp-json\/wp\/v2\/posts\/77736\/revisions"}],"wp:featuredmedia":[{"embeddable":true,"href":"https:\/\/www.europesays.com\/se\/wp-json\/wp\/v2\/media\/77737"}],"wp:attachment":[{"href":"https:\/\/www.europesays.com\/se\/wp-json\/wp\/v2\/media?parent=77736"}],"wp:term":[{"taxonomy":"category","embeddable":true,"href":"https:\/\/www.europesays.com\/se\/wp-json\/wp\/v2\/categories?post=77736"},{"taxonomy":"post_tag","embeddable":true,"href":"https:\/\/www.europesays.com\/se\/wp-json\/wp\/v2\/tags?post=77736"}],"curies":[{"name":"wp","href":"https:\/\/api.w.org\/{rel}","templated":true}]}}